{"id":474,"date":"2010-06-14T00:00:00","date_gmt":"2010-06-14T00:00:00","guid":{"rendered":"http:\/\/gyl.fi\/hvest\/2010\/06\/14\/nytt_sneidmyndataeki\/"},"modified":"2010-06-14T00:00:00","modified_gmt":"2010-06-14T00:00:00","slug":"nytt_sneidmyndataeki","status":"publish","type":"post","link":"https:\/\/hvest.is\/pl\/nytt_sneidmyndataeki\/","title":{"rendered":"Nowy tomograf"},"content":{"rendered":"<p>W dniu otwartym dla dobroczy\u0144c\u00f3w szpitala \u00dalfssj\u00f3\u00f0ur, fundusz pami\u0105tkowy dla \u00dalf Gunnarsson fv. g\u0142\u00f3wny lekarz FS\u00cd instytut nowy skaner CT.<\/p>\n<p>&nbsp;W 2005 roku, 5 wrze\u015bnia, w Fj\u00f6r\u00f0ungssy\u00fakrah\u00fasi\u00f0 w \u00cdsafj\u00f6r\u00f0ur rozpocz\u0119\u0142a si\u0119 zbi\u00f3rka na sprz\u0119t do tomografii komputerowej, zorganizowana przez zgran\u0105 grup\u0119 os\u00f3b i organizacji z tego obszaru.<br \/><br>Zbi\u00f3rka przebieg\u0142a pomy\u015blnie i 22 grudnia tego samego roku zebrano ponad 17 milion\u00f3w od wielu stowarzysze\u0144, firm i os\u00f3b prywatnych.<br \/><br>J\u00f3n Kristj\u00e1nsson, \u00f3wczesny Minister Zdrowia i Opieki Spo\u0142ecznej, zezwoli\u0142 na natychmiastowe rozpocz\u0119cie niezb\u0119dnych prac, aby jak najszybciej odda\u0107 urz\u0105dzenie do u\u017cytku.<br \/><br>6 maja 2006 r. rozpocz\u0119to monta\u017c urz\u0105dzenia, a 19 czerwca wykonano tomografi\u0119 komputerow\u0105 pierwszych dw\u00f3ch pacjent\u00f3w.<br \/>Przyda\u0142 si\u0119 tomograf, w pierwszym roku wykorzystano go w badaniach na 255 osobach, ale by\u0142 u\u017cywany dopiero od czerwca. W nast\u0119pnym roku u\u017cyto go na 376 osobach, w 2008 na 456, ale w tym roku wykorzystano go do bada\u0144 na 265 osobach od stycznia do lipca, ale potem si\u0119 nie uda\u0142o. \u0141\u0105cznie wykonano 1352 tomografii komputerowej na 4-plasterkowym urz\u0105dzeniu Toshiba zainstalowanym w 2006 roku. <br \/><br>Po raz kolejny dobroczy\u0144cy plac\u00f3wki rozpocz\u0119li zbi\u00f3rk\u0119, teraz pod szyldem Funduszu Wilka, kt\u00f3ry dzi\u015b jest g\u0142\u00f3wnym sponsorem szpitala, je\u015bli chodzi o odnow\u0119 urz\u0105dze\u0144 i wyposa\u017cenia. <br \/><br><p style=\"MARGIN: 0cm 0cm 0pt\" class=\"MsoNormal\">W sk\u0142ad zarz\u0105du Wolf Fund wchodz\u0105:<?xml:namespace prefix = o \/><o:p><\/o:p><br \/>\u00deorsteinn J\u00f3hannesson, przewodnicz\u0105cy<o:p><\/o:p><br \/>Eir\u00edkura Finnura Greipssona<o:p><\/o:p><br \/>G\u00edsli J\u00f3n Hjaltason <o:p><\/o:p><br \/>H\u00f6r\u00f0ur H\u00f6gnason<o:p><\/o:p><br \/><br><p style=\"MARGIN: 0cm 0cm 0pt\" class=\"MsoNormal\">W tym momencie pracownicy i kierownictwo organizacji chcieliby skorzysta\u0107 z okazji, aby podzi\u0119kowa\u0107 wszystkim dobroczy\u0144com Fundacji Zdrowia Vestfj\u00f6r\u00f0ur za wielk\u0105 \u017cyczliwo\u015b\u0107 i przywi\u0105zanie, jakie okazywali teraz iw przesz\u0142o\u015bci.<br \/><br><p style=\"MARGIN: 0cm 0cm 0pt\" class=\"MsoNormal\">Na zdj\u0119ciu G\u00edsla J\u00f3n Hjaltason wr\u0119cza \u00derestiemu \u00d3skarssonowi bon podarunkowy Fundacji Wolf<br \/><br><\/p>\n<p><img src='\/hvest\/gamlar_myndir\/l_image5108e25f5c0d7.jpg'><br \/><em><\/em><\/p>\n<p><em>Szef: TAK<\/em><\/p>","protected":false},"excerpt":{"rendered":"<p>Podczas dnia otwartego dla dobroczy\u0144c\u00f3w szpitala, \u00dalfssj\u00f3\u00f0ur, fundusz pami\u0105tkowy dla \u00dalfa Gunnarssona, by\u0142ego lekarza naczelnego Islandzkiego Szpitala dla Chorych, podarowa\u0142 plac\u00f3wce nowy tomograf komputerowy. W 2005 roku, 5 wrze\u015bnia, w Fj\u00f3r\u00f0ungsj\u00fakrah\u00fasi\u00f0 rozpocz\u0119\u0142a si\u0119 zbi\u00f3rka funduszy na tomograf komputerowy [\u2026] <a href=\"https:\/\/hvest.is\/pl\/nytt_sneidmyndataeki\/\">Wi\u0119cej &gt;<\/a><\/p>","protected":false},"author":1,"featured_media":0,"comment_status":"","ping_status":"closed","sticky":false,"template":"","format":"standard","meta":{"_lmt_disableupdate":"","_lmt_disable":"","cybocfi_hide_featured_image":"","footnotes":""},"categories":[11],"tags":[],"class_list":["post-474","post","type-post","status-publish","format-standard","hentry","category-af-eldri-vef"],"modified_by":null,"_links":{"self":[{"href":"https:\/\/hvest.is\/pl\/wp-json\/wp\/v2\/posts\/474","targetHints":{"allow":["GET"]}}],"collection":[{"href":"https:\/\/hvest.is\/pl\/wp-json\/wp\/v2\/posts"}],"about":[{"href":"https:\/\/hvest.is\/pl\/wp-json\/wp\/v2\/types\/post"}],"author":[{"embeddable":true,"href":"https:\/\/hvest.is\/pl\/wp-json\/wp\/v2\/users\/1"}],"replies":[{"embeddable":true,"href":"https:\/\/hvest.is\/pl\/wp-json\/wp\/v2\/comments?post=474"}],"version-history":[{"count":0,"href":"https:\/\/hvest.is\/pl\/wp-json\/wp\/v2\/posts\/474\/revisions"}],"wp:attachment":[{"href":"https:\/\/hvest.is\/pl\/wp-json\/wp\/v2\/media?parent=474"}],"wp:term":[{"taxonomy":"category","embeddable":true,"href":"https:\/\/hvest.is\/pl\/wp-json\/wp\/v2\/categories?post=474"},{"taxonomy":"post_tag","embeddable":true,"href":"https:\/\/hvest.is\/pl\/wp-json\/wp\/v2\/tags?post=474"}],"curies":[{"name":"wp","href":"https:\/\/api.w.org\/{rel}","templated":true}]}}