{"id":457,"date":"2009-08-24T00:00:00","date_gmt":"2009-08-24T00:00:00","guid":{"rendered":"http:\/\/gyl.fi\/hvest\/2009\/08\/24\/hordur_hognason_radinn_framkvaemdastjori_hjukrunar\/"},"modified":"2009-08-24T00:00:00","modified_gmt":"2009-08-24T00:00:00","slug":"hordur_hognason_radinn_framkvaemdastjori_hjukrunar","status":"publish","type":"post","link":"https:\/\/hvest.is\/pl\/hordur_hognason_radinn_framkvaemdastjori_hjukrunar\/","title":{"rendered":"H\u00f6r\u00f0ur H\u00f6gnason mianowany kierownikiem piel\u0119gniarstwa"},"content":{"rendered":"<p>Piel\u0119gniarka H\u00f6r\u00f0ur H\u00f6gnason zosta\u0142a zatrudniona jako dyrektor piel\u0119gniarstwa w plac\u00f3wce. \u00a0<\/p>\n<p>H\u00f6r\u00f0ur urodzi\u0142 si\u0119 w \u00cdsafj\u00f6r\u00f0ur w 1952 r. i uko\u0144czy\u0142 Szko\u0142\u0119 Piel\u0119gniarstwa \u00cdslands w 1978 r. Studiowa\u0142 na podyplomowym kursie piel\u0119gniarstwa anestezjologicznego w Nowej Szkole Piel\u0119gniarstwa w latach 1978-1981.&nbsp; <\/p>\n<p><font face=\"Arial\">H\u00f6r\u00f0ur pracowa\u0142 w instytucie i jego poprzednikach w latach 1981 - 1989 jako ordynator oddzia\u0142u piel\u0119gniarskiego i piel\u0119gniarka anestezjologiczna. Nast\u0119pnie pracowa\u0142 jako dyrektor piel\u0119gniarstwa w szpitalu Fj\u00f6r\u00f0ur w \u00cdsafj\u00f6r\u00f0ur 1989 \u2013 1998 oraz jako dyrektor piel\u0119gniarstwa w Instytucie Zdrowia \u00cdsafj\u00f6r\u00f0ur 1998 \u2013 2009.<\/font><br><font face=\"Arial\"><br \/>H\u00f6r\u00f0ur zosta\u0142 mianowany kierownikiem piel\u0119gniarstwa w Instytucie Zdrowia Vestfj\u00f6r\u00f0ur od pocz\u0105tku ubieg\u0142ego roku.<\/font><font face=\"Tms Rmn\"> <br \/><\/font>&nbsp;<br><\/p>\n<p><img src='\/hvest\/gamlar_myndir\/l_image5108e258270be.jpg'><br \/><em><\/em><\/p>\n<p><em>Szef: TAK<\/em><\/p>","protected":false},"excerpt":{"rendered":"<p>Piel\u0119gniarka H\u00f6r\u00f0ur H\u00f6gnason zosta\u0142a zatrudniona jako dyrektor piel\u0119gniarstwa w plac\u00f3wce. H\u00f6r\u00f0ur urodzi\u0142 si\u0119 w \u00cdsafj\u00f6r\u00f0ur w 1952 roku i uko\u0144czy\u0142 Szko\u0142\u0119 Piel\u0119gniarstwa \u00cdslands w 1978 roku. Studiowa\u0142 w <a href=\"https:\/\/hvest.is\/pl\/hordur_hognason_radinn_framkvaemdastjori_hjukrunar\/\">Wi\u0119cej &gt;<\/a><\/p>","protected":false},"author":1,"featured_media":0,"comment_status":"","ping_status":"closed","sticky":false,"template":"","format":"standard","meta":{"_lmt_disableupdate":"","_lmt_disable":"","cybocfi_hide_featured_image":"","footnotes":""},"categories":[11],"tags":[],"class_list":["post-457","post","type-post","status-publish","format-standard","hentry","category-af-eldri-vef"],"modified_by":null,"_links":{"self":[{"href":"https:\/\/hvest.is\/pl\/wp-json\/wp\/v2\/posts\/457","targetHints":{"allow":["GET"]}}],"collection":[{"href":"https:\/\/hvest.is\/pl\/wp-json\/wp\/v2\/posts"}],"about":[{"href":"https:\/\/hvest.is\/pl\/wp-json\/wp\/v2\/types\/post"}],"author":[{"embeddable":true,"href":"https:\/\/hvest.is\/pl\/wp-json\/wp\/v2\/users\/1"}],"replies":[{"embeddable":true,"href":"https:\/\/hvest.is\/pl\/wp-json\/wp\/v2\/comments?post=457"}],"version-history":[{"count":0,"href":"https:\/\/hvest.is\/pl\/wp-json\/wp\/v2\/posts\/457\/revisions"}],"wp:attachment":[{"href":"https:\/\/hvest.is\/pl\/wp-json\/wp\/v2\/media?parent=457"}],"wp:term":[{"taxonomy":"category","embeddable":true,"href":"https:\/\/hvest.is\/pl\/wp-json\/wp\/v2\/categories?post=457"},{"taxonomy":"post_tag","embeddable":true,"href":"https:\/\/hvest.is\/pl\/wp-json\/wp\/v2\/tags?post=457"}],"curies":[{"name":"wp","href":"https:\/\/api.w.org\/{rel}","templated":true}]}}