{"id":4244,"date":"2026-02-02T09:23:11","date_gmt":"2026-02-02T09:23:11","guid":{"rendered":"https:\/\/hvest.is\/?p=4244"},"modified":"2026-02-02T09:23:13","modified_gmt":"2026-02-02T09:23:13","slug":"bolusetning-drengir-faeddir-2008-2009","status":"publish","type":"post","link":"https:\/\/hvest.is\/pl\/bolusetning-drengir-faeddir-2008-2009\/","title":{"rendered":"Szczepienia \u2013 ch\u0142opcy urodzeni w latach 2008-2009"},"content":{"rendered":"<p>Szczepienie przeciwko HPV w M\u00cd <img decoding=\"async\" height=\"16\" width=\"16\" alt=\"\ud83d\udce2\" src=\"https:\/\/static.xx.fbcdn.net\/images\/emoji.php\/v9\/t39\/1\/16\/1f4e2.png\"><\/p>\n\n\n\n<p>Szczepienia przeciwko wirusom HPV dla ch\u0142opc\u00f3w urodzonych w 2008 i 2009 roku odb\u0119d\u0105 si\u0119 we wtorek, 3 lutego, w Menntask\u00f3linn w \u00cdsafj\u00f6r\u00f0ur. Zostali oni zaproszeni do o\u015brodka zdrowia. Szczepienie jest dobrowolne i bezp\u0142atne.<\/p>\n\n\n\n<p>Dobrym pomys\u0142em jest zjedzenie posi\u0142ku przed przybyciem na szczepienie.<\/p>\n\n\n\n<p>Osoby, kt\u00f3re nie ucz\u0119szczaj\u0105 do szko\u0142y \u015bredniej, otrzymaj\u0105 zaproszenie do o\u015brodka zdrowia.<\/p>\n\n\n\n<figure class=\"wp-block-gallery has-nested-images columns-default is-cropped wp-block-gallery-2 is-layout-flex wp-block-gallery-is-layout-flex\">\n<figure class=\"wp-block-image size-large\"><img decoding=\"async\" width=\"1024\" height=\"1024\" data-id=\"4245\" src=\"https:\/\/hvest.is\/wp-content\/uploads\/2026\/02\/HPVbolusetningisl-1024x1024.png\" alt=\"\" class=\"wp-image-4245\" srcset=\"https:\/\/hvest.is\/wp-content\/uploads\/2026\/02\/HPVbolusetningisl-12x12.png 12w, https:\/\/hvest.is\/wp-content\/uploads\/2026\/02\/HPVbolusetningisl-66x66.png 66w, https:\/\/hvest.is\/wp-content\/uploads\/2026\/02\/HPVbolusetningisl-150x150.png 150w, https:\/\/hvest.is\/wp-content\/uploads\/2026\/02\/HPVbolusetningisl-200x200.png 200w, https:\/\/hvest.is\/wp-content\/uploads\/2026\/02\/HPVbolusetningisl-300x300.png 300w, https:\/\/hvest.is\/wp-content\/uploads\/2026\/02\/HPVbolusetningisl-400x400.png 400w, https:\/\/hvest.is\/wp-content\/uploads\/2026\/02\/HPVbolusetningisl-600x600.png 600w, https:\/\/hvest.is\/wp-content\/uploads\/2026\/02\/HPVbolusetningisl-768x768.png 768w, https:\/\/hvest.is\/wp-content\/uploads\/2026\/02\/HPVbolusetningisl-800x800.png 800w, https:\/\/hvest.is\/wp-content\/uploads\/2026\/02\/HPVbolusetningisl-1024x1024.png 1024w, https:\/\/hvest.is\/wp-content\/uploads\/2026\/02\/HPVbolusetningisl.png 1080w\" sizes=\"(max-width: 1024px) 100vw, 1024px\" \/><\/figure>\n<\/figure>","protected":false},"excerpt":{"rendered":"<p>Szczepienie przeciwko wirusowi HPV w M\u00cd Szczepienia przeciwko wirusowi HPV dla ch\u0142opc\u00f3w urodzonych w latach 2008 i 2009 odb\u0119d\u0105 si\u0119 we wtorek 3 lutego w Menntask\u00f3linn w \u00cdsafj\u00f6r\u00f0ur. Otrzymali oni zaproszenie do o\u015brodka zdrowia, gdzie odb\u0119d\u0105 si\u0119 szczepienia. <a href=\"https:\/\/hvest.is\/pl\/bolusetning-drengir-faeddir-2008-2009\/\">Wi\u0119cej &gt;<\/a><\/p>","protected":false},"author":16,"featured_media":0,"comment_status":"closed","ping_status":"closed","sticky":false,"template":"","format":"standard","meta":{"_lmt_disableupdate":"","_lmt_disable":"","cybocfi_hide_featured_image":"","footnotes":""},"categories":[27],"tags":[],"class_list":["post-4244","post","type-post","status-publish","format-standard","hentry","category-bolusetningar"],"modified_by":"AG","_links":{"self":[{"href":"https:\/\/hvest.is\/pl\/wp-json\/wp\/v2\/posts\/4244","targetHints":{"allow":["GET"]}}],"collection":[{"href":"https:\/\/hvest.is\/pl\/wp-json\/wp\/v2\/posts"}],"about":[{"href":"https:\/\/hvest.is\/pl\/wp-json\/wp\/v2\/types\/post"}],"author":[{"embeddable":true,"href":"https:\/\/hvest.is\/pl\/wp-json\/wp\/v2\/users\/16"}],"replies":[{"embeddable":true,"href":"https:\/\/hvest.is\/pl\/wp-json\/wp\/v2\/comments?post=4244"}],"version-history":[{"count":0,"href":"https:\/\/hvest.is\/pl\/wp-json\/wp\/v2\/posts\/4244\/revisions"}],"wp:attachment":[{"href":"https:\/\/hvest.is\/pl\/wp-json\/wp\/v2\/media?parent=4244"}],"wp:term":[{"taxonomy":"category","embeddable":true,"href":"https:\/\/hvest.is\/pl\/wp-json\/wp\/v2\/categories?post=4244"},{"taxonomy":"post_tag","embeddable":true,"href":"https:\/\/hvest.is\/pl\/wp-json\/wp\/v2\/tags?post=4244"}],"curies":[{"name":"wp","href":"https:\/\/api.w.org\/{rel}","templated":true}]}}