{"id":4134,"date":"2025-10-10T11:19:23","date_gmt":"2025-10-10T11:19:23","guid":{"rendered":"https:\/\/hvest.is\/?p=4134"},"modified":"2025-10-10T11:20:03","modified_gmt":"2025-10-10T11:20:03","slug":"hpv-bolusetningar-pilta-i-argongum-2008-2010","status":"publish","type":"post","link":"https:\/\/hvest.is\/pl\/hpv-bolusetningar-pilta-i-argongum-2008-2010\/","title":{"rendered":"Szczepienia ch\u0142opc\u00f3w przeciwko HPV w grupie wiekowej 2008\u20132010"},"content":{"rendered":"<p>Zim\u0105 2025-2026 roku szczepienia przeciwko HPV b\u0119d\u0105 bezp\u0142atne dla ch\u0142opc\u00f3w z rocznika 2008-2010. Szczepienia przeciwko HPV s\u0105 przeprowadzane niezale\u017cnie od p\u0142ci od jesieni 2023 roku, w wieku 12 lat, a kampania b\u0119dzie zatem prowadzona dodatkowo do og\u00f3lnych szczepie\u0144 trzeciej kohorty, kt\u00f3ra b\u0119dzie szczepiona przeciwko HPV niezale\u017cnie od p\u0142ci.<\/p>\n\n\n\n<ul class=\"wp-block-list\">\n<li>Klasa 2010 otrzyma zaproszenie na szczepienie w ramach opieki zdrowotnej tej jesieni; w wi\u0119kszo\u015bci szk\u00f3\u0142 szczepienia odb\u0119d\u0105 si\u0119 w dziesi\u0105tej klasie, po zako\u0144czeniu szczepie\u0144 w si\u00f3dmej klasie. Szczeg\u00f3\u0142owy plan wdro\u017cenia dla ka\u017cdej szko\u0142y zostanie przedstawiony opiekunom i uczniom przez s\u0142u\u017cb\u0119 zdrowia, ale b\u0119dzie bardzo podobny do szczepie\u0144 w innych szko\u0142ach.<\/li>\n\n\n\n<li>Grupa z rocznika 2008-2009 otrzyma ofert\u0119 szczepie\u0144 jeszcze tej zimy. Grupy te uko\u0144czy\u0142y szko\u0142\u0119 podstawow\u0105 i s\u0105 niezale\u017cne pod wzgl\u0119dem opieki zdrowotnej. Udost\u0119pnianie informacji tym grupom za po\u015brednictwem stron Moje Centrum Zdrowia jest uzale\u017cnione od posiadania przez ch\u0142opc\u00f3w elektronicznych kart identyfikacyjnych i korzystania z Centrum Zdrowia.\n<ul class=\"wp-block-list\">\n<li>Opieka zdrowotna w szko\u0142ach \u015brednich jest \u015bwiadczona w inny spos\u00f3b ni\u017c w szko\u0142ach podstawowych, jednak s\u0142u\u017cba zdrowia zajmuje si\u0119 dostarczaniem informacji na temat kampanii, a szczepienia mog\u0105 by\u0107 dost\u0119pne w szko\u0142ach, ale zostan\u0105 wprowadzone osobno, je\u015bli b\u0119dzie to w\u0142a\u015bciwe.<\/li>\n\n\n\n<li>M\u0142odych m\u0119\u017cczyzn, kt\u00f3rzy nie chodz\u0105 do szko\u0142y, zach\u0119ca si\u0119 do monitorowania strony internetowej plac\u00f3wki s\u0142u\u017cby zdrowia, w kt\u00f3rej s\u0105 zarejestrowani, lub plac\u00f3wki, w kt\u00f3rej mieszkaj\u0105, w celu zapoznania si\u0119 z og\u0142oszeniami dotycz\u0105cymi sposobu przeprowadzania tam szczepie\u0144.<\/li>\n<\/ul>\n<\/li>\n<\/ul>\n\n\n\n<p>System opieki zdrowotnej w ka\u017cdym regionie opublikuje informacje na temat tego, kiedy w o\u015brodkach zdrowia b\u0119d\u0105 dost\u0119pne szczepienia przeciwko HPV dla tych grup wiekowych, w jaki spos\u00f3b b\u0119d\u0105 dokonywane zapisy itp., gdy tylko zapadnie decyzja w tej sprawie, prawdopodobnie przed ko\u0144cem roku.<\/p>\n\n\n\n<p><strong>Celem kampanii jest zapewnienie, \u017ce jak najwi\u0119cej os\u00f3b otrzyma szczepionk\u0119 przeciwko HPV, dlatego bezp\u0142atn\u0105 szczepionk\u0119 otrzymaj\u0105 tylko ch\u0142opcy urodzeni w latach 2008-2010, kt\u00f3rzy nie zostali zaszczepieni przeciwko HPV.<\/strong><\/p>\n\n\n\n<p>Wi\u0119cej informacji mo\u017cna znale\u017a\u0107 na stronie internetowej Dyrekcji Zdrowia: <a href=\"https:\/\/island.is\/hpv-human-papilloma-virus\" data-type=\"link\" data-id=\"https:\/\/island.is\/hpv-human-papilloma-virus\">https:\/\/island.is\/hpv-human-papilloma-virus<\/a> <\/p>\n\n\n\n<figure class=\"wp-block-image size-large\"><img decoding=\"async\" width=\"1024\" height=\"1024\" src=\"https:\/\/hvest.is\/wp-content\/uploads\/2025\/10\/hpvbolusetnhing-1024x1024.jpg\" alt=\"\" class=\"wp-image-4135\" srcset=\"https:\/\/hvest.is\/wp-content\/uploads\/2025\/10\/hpvbolusetnhing-12x12.jpg 12w, https:\/\/hvest.is\/wp-content\/uploads\/2025\/10\/hpvbolusetnhing-66x66.jpg 66w, https:\/\/hvest.is\/wp-content\/uploads\/2025\/10\/hpvbolusetnhing-150x150.jpg 150w, https:\/\/hvest.is\/wp-content\/uploads\/2025\/10\/hpvbolusetnhing-200x200.jpg 200w, https:\/\/hvest.is\/wp-content\/uploads\/2025\/10\/hpvbolusetnhing-300x300.jpg 300w, https:\/\/hvest.is\/wp-content\/uploads\/2025\/10\/hpvbolusetnhing-400x400.jpg 400w, https:\/\/hvest.is\/wp-content\/uploads\/2025\/10\/hpvbolusetnhing-600x600.jpg 600w, https:\/\/hvest.is\/wp-content\/uploads\/2025\/10\/hpvbolusetnhing-768x768.jpg 768w, https:\/\/hvest.is\/wp-content\/uploads\/2025\/10\/hpvbolusetnhing-800x800.jpg 800w, https:\/\/hvest.is\/wp-content\/uploads\/2025\/10\/hpvbolusetnhing-1024x1024.jpg 1024w, https:\/\/hvest.is\/wp-content\/uploads\/2025\/10\/hpvbolusetnhing-1200x1200.jpg 1200w, https:\/\/hvest.is\/wp-content\/uploads\/2025\/10\/hpvbolusetnhing-1536x1536.jpg 1536w, https:\/\/hvest.is\/wp-content\/uploads\/2025\/10\/hpvbolusetnhing.jpg 1890w\" sizes=\"(max-width: 1024px) 100vw, 1024px\" \/><\/figure>","protected":false},"excerpt":{"rendered":"<p>Zim\u0105 2025-2026 szczepienia przeciwko HPV b\u0119d\u0105 bezp\u0142atne dla ch\u0142opc\u00f3w urodzonych w latach 2008-2010. Szczepienia przeciwko HPV s\u0105 przeprowadzane niezale\u017cnie od p\u0142ci od jesieni 2023 roku, w wieku 12 lat, dlatego kampania b\u0119dzie mia\u0142a charakter Wi\u0119cej \u203a <a href=\"https:\/\/hvest.is\/pl\/hpv-bolusetningar-pilta-i-argongum-2008-2010\/\">Wi\u0119cej &gt;<\/a><\/p>","protected":false},"author":16,"featured_media":0,"comment_status":"closed","ping_status":"closed","sticky":false,"template":"","format":"standard","meta":{"_lmt_disableupdate":"","_lmt_disable":"","cybocfi_hide_featured_image":"","footnotes":""},"categories":[27,5],"tags":[],"class_list":["post-4134","post","type-post","status-publish","format-standard","hentry","category-bolusetningar","category-efni"],"modified_by":"AG","_links":{"self":[{"href":"https:\/\/hvest.is\/pl\/wp-json\/wp\/v2\/posts\/4134","targetHints":{"allow":["GET"]}}],"collection":[{"href":"https:\/\/hvest.is\/pl\/wp-json\/wp\/v2\/posts"}],"about":[{"href":"https:\/\/hvest.is\/pl\/wp-json\/wp\/v2\/types\/post"}],"author":[{"embeddable":true,"href":"https:\/\/hvest.is\/pl\/wp-json\/wp\/v2\/users\/16"}],"replies":[{"embeddable":true,"href":"https:\/\/hvest.is\/pl\/wp-json\/wp\/v2\/comments?post=4134"}],"version-history":[{"count":0,"href":"https:\/\/hvest.is\/pl\/wp-json\/wp\/v2\/posts\/4134\/revisions"}],"wp:attachment":[{"href":"https:\/\/hvest.is\/pl\/wp-json\/wp\/v2\/media?parent=4134"}],"wp:term":[{"taxonomy":"category","embeddable":true,"href":"https:\/\/hvest.is\/pl\/wp-json\/wp\/v2\/categories?post=4134"},{"taxonomy":"post_tag","embeddable":true,"href":"https:\/\/hvest.is\/pl\/wp-json\/wp\/v2\/tags?post=4134"}],"curies":[{"name":"wp","href":"https:\/\/api.w.org\/{rel}","templated":true}]}}