{"id":4088,"date":"2025-09-11T10:41:02","date_gmt":"2025-09-11T10:41:02","guid":{"rendered":"https:\/\/hvest.is\/?p=4088"},"modified":"2025-09-11T10:41:04","modified_gmt":"2025-09-11T10:41:04","slug":"heimsokn-heilbrigdisradherra","status":"publish","type":"post","link":"https:\/\/hvest.is\/pl\/heimsokn-heilbrigdisradherra\/","title":{"rendered":"Wizyta Ministra Zdrowia"},"content":{"rendered":"<p>W czwartek 4 wrze\u015bnia Minister Zdrowia Alma D. M\u00f6ller odwiedzi\u0142a Instytut Zdrowia Fiord\u00f3w Zachodnich w towarzystwie swojego asystenta J\u00f3na Magn\u00fasa Kristj\u00e1nssona. Podczas wizyty spotka\u0142a si\u0119 z zarz\u0105dem, L\u00fa\u00f0v\u00edkiem \u00deorgeirssonem, dyrektorem generalnym, El\u00edsabet\u0105 Sam\u00faelsd\u00f3ttir, dyrektorem finansowym, Erlingiem Aspelundem, kierownikiem ds. zasob\u00f3w ludzkich, Hildur El\u00edsabet\u0105 P\u00e9tursd\u00f3ttir, kierownikiem ds. piel\u0119gniarstwa i S\u00fasann\u0105 Bj\u00f6rg\u0105 \u00c1stvaldsd\u00f3ttir, dyrektor ds. medycznych. Po spotkaniu i \u015bniadaniu odby\u0142o si\u0119 zwiedzanie plac\u00f3wki w \u00cdsafj\u00f6r\u00f0ur, ambulatorium, opieki zdrowotnej i domu opieki Eyri. Tam Minister spotka\u0142 si\u0119 z wieloma pracownikami w pracy. Po obiedzie Minister uda\u0142 si\u0119 do Bolungarv\u00edk, do domu opieki w Berg. Na miejscu minister spotka\u0142 si\u0119 z kierowniczk\u0105 oddzia\u0142u dom\u00f3w opieki dla regionu p\u00f3\u0142nocnego, Au\u00f0ur Helg\u0105 \u00d3lafsd\u00f3ttir, oraz innymi pracownikami o\u015brodka Berg, a tak\u017ce z tamtejszymi mieszka\u0144cami.<\/p>\n\n\n\n<p>Wizyty takie jak ta s\u0105 przyjemne i wa\u017cne, poniewa\u017c tworz\u0105 przestrze\u0144 do rozm\u00f3w z mened\u017cerami i pracownikami w ich pracy. Dzi\u0119kujemy Ministrowi i jego asystentowi za cenne spostrze\u017cenia i mamy nadziej\u0119, \u017ce wizyta w Vestur by\u0142a dla nich przyjemno\u015bci\u0105.<\/p>\n\n\n\n<figure class=\"wp-block-image size-large\"><img decoding=\"async\" width=\"1024\" height=\"914\" src=\"https:\/\/hvest.is\/wp-content\/uploads\/2025\/09\/10-1024x914.jpg\" alt=\"\" class=\"wp-image-4107\" srcset=\"https:\/\/hvest.is\/wp-content\/uploads\/2025\/09\/10-13x12.jpg 13w, https:\/\/hvest.is\/wp-content\/uploads\/2025\/09\/10-200x179.jpg 200w, https:\/\/hvest.is\/wp-content\/uploads\/2025\/09\/10-300x268.jpg 300w, https:\/\/hvest.is\/wp-content\/uploads\/2025\/09\/10-400x357.jpg 400w, https:\/\/hvest.is\/wp-content\/uploads\/2025\/09\/10-600x536.jpg 600w, https:\/\/hvest.is\/wp-content\/uploads\/2025\/09\/10-768x686.jpg 768w, https:\/\/hvest.is\/wp-content\/uploads\/2025\/09\/10-800x714.jpg 800w, https:\/\/hvest.is\/wp-content\/uploads\/2025\/09\/10-1024x914.jpg 1024w, https:\/\/hvest.is\/wp-content\/uploads\/2025\/09\/10-1200x1071.jpg 1200w, https:\/\/hvest.is\/wp-content\/uploads\/2025\/09\/10-1536x1371.jpg 1536w\" sizes=\"(max-width: 1024px) 100vw, 1024px\" \/><\/figure>\n\n\n\n<p>Minister Zdrowia wraz z asystentem i zarz\u0105dem Instytutu Zdrowia Westfjords.<\/p>\n\n\n\n<figure class=\"wp-block-image size-large\"><img decoding=\"async\" width=\"768\" height=\"1024\" src=\"https:\/\/hvest.is\/wp-content\/uploads\/2025\/09\/1-768x1024.jpg\" alt=\"\" class=\"wp-image-4105\" srcset=\"https:\/\/hvest.is\/wp-content\/uploads\/2025\/09\/1-9x12.jpg 9w, https:\/\/hvest.is\/wp-content\/uploads\/2025\/09\/1-200x267.jpg 200w, https:\/\/hvest.is\/wp-content\/uploads\/2025\/09\/1-225x300.jpg 225w, https:\/\/hvest.is\/wp-content\/uploads\/2025\/09\/1-400x533.jpg 400w, https:\/\/hvest.is\/wp-content\/uploads\/2025\/09\/1-600x800.jpg 600w, https:\/\/hvest.is\/wp-content\/uploads\/2025\/09\/1-768x1024.jpg 768w, https:\/\/hvest.is\/wp-content\/uploads\/2025\/09\/1-800x1067.jpg 800w, https:\/\/hvest.is\/wp-content\/uploads\/2025\/09\/1-1152x1536.jpg 1152w, https:\/\/hvest.is\/wp-content\/uploads\/2025\/09\/1-1200x1600.jpg 1200w, https:\/\/hvest.is\/wp-content\/uploads\/2025\/09\/1-1536x2048.jpg 1536w, https:\/\/hvest.is\/wp-content\/uploads\/2025\/09\/1-scaled.jpg 1920w\" sizes=\"(max-width: 768px) 100vw, 768px\" \/><\/figure>\n\n\n\n<figure class=\"wp-block-image size-large\"><img decoding=\"async\" width=\"1024\" height=\"768\" src=\"https:\/\/hvest.is\/wp-content\/uploads\/2025\/09\/6-1024x768.jpg\" alt=\"\" class=\"wp-image-4108\" srcset=\"https:\/\/hvest.is\/wp-content\/uploads\/2025\/09\/6-16x12.jpg 16w, https:\/\/hvest.is\/wp-content\/uploads\/2025\/09\/6-200x150.jpg 200w, https:\/\/hvest.is\/wp-content\/uploads\/2025\/09\/6-300x225.jpg 300w, https:\/\/hvest.is\/wp-content\/uploads\/2025\/09\/6-400x300.jpg 400w, https:\/\/hvest.is\/wp-content\/uploads\/2025\/09\/6-600x450.jpg 600w, https:\/\/hvest.is\/wp-content\/uploads\/2025\/09\/6-768x576.jpg 768w, https:\/\/hvest.is\/wp-content\/uploads\/2025\/09\/6-800x600.jpg 800w, https:\/\/hvest.is\/wp-content\/uploads\/2025\/09\/6-1024x768.jpg 1024w, https:\/\/hvest.is\/wp-content\/uploads\/2025\/09\/6-1200x900.jpg 1200w, https:\/\/hvest.is\/wp-content\/uploads\/2025\/09\/6-1536x1152.jpg 1536w\" sizes=\"(max-width: 1024px) 100vw, 1024px\" \/><\/figure>\n\n\n\n<figure class=\"wp-block-image size-large\"><img decoding=\"async\" width=\"845\" height=\"1024\" src=\"https:\/\/hvest.is\/wp-content\/uploads\/2025\/09\/13-845x1024.jpg\" alt=\"\" class=\"wp-image-4111\" srcset=\"https:\/\/hvest.is\/wp-content\/uploads\/2025\/09\/13-10x12.jpg 10w, https:\/\/hvest.is\/wp-content\/uploads\/2025\/09\/13-200x242.jpg 200w, https:\/\/hvest.is\/wp-content\/uploads\/2025\/09\/13-247x300.jpg 247w, https:\/\/hvest.is\/wp-content\/uploads\/2025\/09\/13-400x485.jpg 400w, https:\/\/hvest.is\/wp-content\/uploads\/2025\/09\/13-600x727.jpg 600w, https:\/\/hvest.is\/wp-content\/uploads\/2025\/09\/13-768x931.jpg 768w, https:\/\/hvest.is\/wp-content\/uploads\/2025\/09\/13-800x970.jpg 800w, https:\/\/hvest.is\/wp-content\/uploads\/2025\/09\/13-845x1024.jpg 845w, https:\/\/hvest.is\/wp-content\/uploads\/2025\/09\/13-1200x1455.jpg 1200w, https:\/\/hvest.is\/wp-content\/uploads\/2025\/09\/13-1267x1536.jpg 1267w, https:\/\/hvest.is\/wp-content\/uploads\/2025\/09\/13-1689x2048.jpg 1689w\" sizes=\"(max-width: 845px) 100vw, 845px\" \/><\/figure>\n\n\n\n<p>Zwiedzanie oddzia\u0142u po\u0142o\u017cniczego, gdzie niedawno oddano do u\u017cytku nowy, imponuj\u0105cy st\u00f3\u0142 do resuscytacji noworodk\u00f3w.<\/p>\n\n\n\n<figure class=\"wp-block-image size-large\"><img decoding=\"async\" width=\"1024\" height=\"891\" src=\"https:\/\/hvest.is\/wp-content\/uploads\/2025\/09\/12-1024x891.jpg\" alt=\"\" class=\"wp-image-4110\" srcset=\"https:\/\/hvest.is\/wp-content\/uploads\/2025\/09\/12-14x12.jpg 14w, https:\/\/hvest.is\/wp-content\/uploads\/2025\/09\/12-200x174.jpg 200w, https:\/\/hvest.is\/wp-content\/uploads\/2025\/09\/12-300x261.jpg 300w, https:\/\/hvest.is\/wp-content\/uploads\/2025\/09\/12-400x348.jpg 400w, https:\/\/hvest.is\/wp-content\/uploads\/2025\/09\/12-600x522.jpg 600w, https:\/\/hvest.is\/wp-content\/uploads\/2025\/09\/12-768x668.jpg 768w, https:\/\/hvest.is\/wp-content\/uploads\/2025\/09\/12-800x696.jpg 800w, https:\/\/hvest.is\/wp-content\/uploads\/2025\/09\/12-1024x891.jpg 1024w, https:\/\/hvest.is\/wp-content\/uploads\/2025\/09\/12-1200x1044.jpg 1200w, https:\/\/hvest.is\/wp-content\/uploads\/2025\/09\/12-1536x1336.jpg 1536w\" sizes=\"(max-width: 1024px) 100vw, 1024px\" \/><\/figure>\n\n\n\n<p>Minister z personelem Domu Opieki Bergur w Bolungvar\u00edku. <\/p>\n\n\n\n<p><\/p>","protected":false},"excerpt":{"rendered":"<p>W czwartek 4 wrze\u015bnia Minister Zdrowia Alma D. M\u00f6ller odwiedzi\u0142a Instytut Zdrowia Fiord\u00f3w Zachodnich w towarzystwie swojego asystenta J\u00f3na Magn\u00fasa Kristj\u00e1nssona. Podczas wizyty spotka\u0142a si\u0119 z zespo\u0142em zarz\u0105dzaj\u0105cym, L\u00fa\u00f0v\u00edkiem \u00deorgeirssonem, dyrektorem generalnym, El\u00edsabet\u0105 Sam\u00faelsd\u00f3ttir, dyrektor finansow\u0105 i Erlingiem Aspelundem, dyrektorem zarz\u0105dzaj\u0105cym. Wi\u0119cej &gt; <a href=\"https:\/\/hvest.is\/pl\/heimsokn-heilbrigdisradherra\/\">Wi\u0119cej &gt;<\/a><\/p>","protected":false},"author":16,"featured_media":0,"comment_status":"closed","ping_status":"closed","sticky":false,"template":"","format":"standard","meta":{"_lmt_disableupdate":"","_lmt_disable":"","cybocfi_hide_featured_image":"","footnotes":""},"categories":[5],"tags":[],"class_list":["post-4088","post","type-post","status-publish","format-standard","hentry","category-efni"],"modified_by":"AG","_links":{"self":[{"href":"https:\/\/hvest.is\/pl\/wp-json\/wp\/v2\/posts\/4088","targetHints":{"allow":["GET"]}}],"collection":[{"href":"https:\/\/hvest.is\/pl\/wp-json\/wp\/v2\/posts"}],"about":[{"href":"https:\/\/hvest.is\/pl\/wp-json\/wp\/v2\/types\/post"}],"author":[{"embeddable":true,"href":"https:\/\/hvest.is\/pl\/wp-json\/wp\/v2\/users\/16"}],"replies":[{"embeddable":true,"href":"https:\/\/hvest.is\/pl\/wp-json\/wp\/v2\/comments?post=4088"}],"version-history":[{"count":0,"href":"https:\/\/hvest.is\/pl\/wp-json\/wp\/v2\/posts\/4088\/revisions"}],"wp:attachment":[{"href":"https:\/\/hvest.is\/pl\/wp-json\/wp\/v2\/media?parent=4088"}],"wp:term":[{"taxonomy":"category","embeddable":true,"href":"https:\/\/hvest.is\/pl\/wp-json\/wp\/v2\/categories?post=4088"},{"taxonomy":"post_tag","embeddable":true,"href":"https:\/\/hvest.is\/pl\/wp-json\/wp\/v2\/tags?post=4088"}],"curies":[{"name":"wp","href":"https:\/\/api.w.org\/{rel}","templated":true}]}}