{"id":3695,"date":"2024-04-08T15:33:50","date_gmt":"2024-04-08T15:33:50","guid":{"rendered":"https:\/\/hvest.is\/?p=3695"},"modified":"2024-04-08T15:33:52","modified_gmt":"2024-04-08T15:33:52","slug":"samradsfundur-um-oruggari-vestfirdi-verdur-haldinn-i-stjornsysluhusinu-a-isafirdi-a-morgun-9-april-kl-13-16","status":"publish","type":"post","link":"https:\/\/hvest.is\/pl\/samradsfundur-um-oruggari-vestfirdi-verdur-haldinn-i-stjornsysluhusinu-a-isafirdi-a-morgun-9-april-kl-13-16\/","title":{"rendered":"Spotkanie konsultacyjne w sprawie bezpieczniejszego Vestfj\u00f6r\u00f0ur odb\u0119dzie si\u0119 w budynku administracyjnym przy \u00cdsafj\u00f6r\u00f0ur jutro, 9 kwietnia o godz. 13-16"},"content":{"rendered":"<p>Rejestracji na spotkanie mo\u017cna dokona\u0107 tutaj. <a href=\"https:\/\/forms.office.com\/e\/qcQGbXSYfR?origin=lprLink,\">https:\/\/forms.office.com\/e\/qcQGbXSYfR?origin=lprLink,<\/a><\/p>\n\n\n\n<h2 class=\"wp-block-heading\">Harmonogram:<\/h2>\n\n\n\n<p>Na <a><\/a>13.00 Zawieszenie obrad. Helgi Jensson, szef policji w Vestfj\u00f6r\u00f0ur<\/p>\n\n\n\n<h3 class=\"wp-block-heading\">Temat 1 Wzmo\u017cone konsultacje interdyscyplinarne<\/h3>\n\n\n\n<p>Na 13.10 Statystyki dotycz\u0105ce sytuacji na Fiordach Zachodnich. Wska\u017aniki zdrowia publicznego dzieci. i wi\u0119cej. Kristj\u00e1n \u00d3skar \u00c1svaldsson, specjalista ds. prewencji i zast\u0119pca prokuratora przy komendzie policji w Vestfj\u00f6r\u00f0ur.<\/p>\n\n\n\n<p>Na 13.20 Jak mo\u017cemy lepiej wsp\u00f3\u0142pracowa\u0107 w kwestii przemocy domowej? Margr\u00e9t Geirsd\u00f3ttir, dyrektor wydzia\u0142u opieki spo\u0142ecznej w \u00cdsafjar\u00f0arb\u00e6r, Helgi Jensson, komendant policji w Vestfj\u00f6r\u00f0ur, Helena J\u00f3nsd\u00f3ttir, piel\u0119gniarka zespo\u0142u ds. zdrowia psychicznego i Magnea Hafsteind\u00f3ttir, kierownik wydzia\u0142u opieki zdrowotnej w Instytucie Zdrowia Vestfj\u00f6r\u00f0ur.<\/p>\n\n\n\n<p>Na 13.35 Jak mo\u017cemy lepiej wsp\u00f3\u0142pracowa\u0107 z osobami z problemami psychicznymi i wprowadzenie do zespo\u0142u psychiatrycznego Instytutu Zdrowia Vestfj\u00f6r\u00f0ur. senior Fj\u00f6lnir \u00c1sbj\u00f6rnsson, ksi\u0105dz w diecezji Vestfj\u00f6r\u00f0ur i Thelma Bj\u00f6rk Gu\u00f0mundsd\u00f3ttir, kierownik projektu zespo\u0142u ds. zdrowia psychicznego w Fundacji Zdrowia Vestfj\u00f6r\u00f0ur w \u00cdsafj\u00f6r\u00f0ur.<\/p>\n\n\n\n<p>Na 14.05 Jak mo\u017cemy lepiej wsp\u00f3\u0142pracowa\u0107 w sprawach o przest\u0119pstwa na tle seksualnym? Sk\u00fali Berg, funkcjonariusz policji przy komendzie policji Westfj\u00f6r\u00f0ur, \u00deur\u00ed\u00f0urKatr\u00edn Vilmundard\u00f3ttir, piel\u0119gniarka chirurgiczna w Instytucie Zdrowia Vestfj\u00f6r\u00f0ur \u00cdsafir\u00f0i i Hrafnhildur \u00d3l\u00f6f \u00d3lafsd\u00f3ttir, dyrektor piel\u0119gniarstwa w Instytucie Zdrowia Vestfj\u00f6r\u00f0ur Patreksfj\u00f6r\u00f0ur.  <\/p>\n\n\n\n<p>Na 14.20 Jak mo\u017cemy lepiej pracowa\u0107 dla os\u00f3b obcego pochodzenia? Klaudia Karolsd\u00f3ttir, funkcjonariuszka policji rejonowej przy komendzie policji w Vestfj\u00f6r\u00f0ur.<\/p>\n\n\n\n<h3 class=\"wp-block-heading\">Temat 2 Profilaktyka i edukacja dzieci.<\/h3>\n\n\n\n<p>Na 14.35 Profilaktyka w przedszkolach i szko\u0142ach podstawowych. \u00c1sd\u00eds Sn\u00f3t Gu\u00f0mundsd\u00f3ttir, dyrektor Patrekssk\u00f3li w Patreksfj\u00f6r\u00f0ur i Ester \u00d6sp Valdimarsd\u00f3ttir, dyrektor \u00c1sgar\u00f0sk\u00f3li w H\u00f3lmav\u00edk\/Skyina.<\/p>\n\n\n\n<p>Na 14.50 Profilaktyka w szko\u0142ach \u015brednich. Erna Sigr\u00fan J\u00f3nsd\u00f3ttir, doradca akademicki i przedstawicielka ds. profilaktyki w Menntassk\u00f3linn w \u00cdsafir\u00f0ur oraz Svanhv\u00edt Skjaldard\u00f3ttir, kierownik wydzia\u0142u szk\u00f3\u0142 \u015brednich Sn\u00e6felling Polytechnic w Patreksfj\u00f6r\u00f0ur oraz Agnes Helga Sigur\u00f0ard\u00f3ttir, doradca akademicki w FSN.<\/p>\n\n\n\n<p>Na 15.10 Profilaktyka w o\u015brodkach wypoczynkowych\/spo\u0142ecznych. Dagn\u00fd Finnbj\u00f6rnsd\u00f3ttir, przedstawicielka sportu i m\u0142odzie\u017cy w \u00cdsafjar\u00f0ab\u00e6r.<\/p>\n\n\n\n<p>Na 15.20 Policyjna profilaktyka dla dzieci. Hlynur Snorrason, starszy funkcjonariusz policji przy komendzie policji na Fiordach Zachodnich.<\/p>\n\n\n\n<h3 class=\"wp-block-heading\">Przerwy kawowe po\u0142\u0105czone z dyskusj\u0105 przy stole<\/h3>\n\n\n\n<p>Na 15.30 Dyskusje przy sto\u0142ach: Nad jakimi projektami priorytetowymi nale\u017cy pracowa\u0107 do kolejnego spotkania konsultacyjnego?<\/p>\n\n\n\n<p>Na 16.00 Podpisanie deklaracji o wsp\u00f3\u0142pracy na \u00d6ruggari Vestfj\u00f6r\u00f0ur.<\/p>\n\n\n\n<p>Moderator: Eygl\u00f3 Har\u00f0ard\u00f3ttir, kierownik projektu w Generalnym Inspektorze Policji<\/p>\n\n\n\n<p><em>Temat do zmiany.<\/em><\/p>","protected":false},"excerpt":{"rendered":"<p>Rejestracji na spotkanie mo\u017cna dokona\u0107 tutaj, https:\/\/forms.office.com\/e\/qcQGbXSYfR?origin=lprLink, Agenda: Kl. 13.00 Zawieszenie obrad. Helgi Jensson, komendant policji w Vestfj\u00f6r\u00f0ur Temat 1 Wzmo\u017cone konsultacje interdyscyplinarne Kl. 13.10 Statystyki dotycz\u0105ce stanu <a href=\"https:\/\/hvest.is\/pl\/samradsfundur-um-oruggari-vestfirdi-verdur-haldinn-i-stjornsysluhusinu-a-isafirdi-a-morgun-9-april-kl-13-16\/\">Wi\u0119cej &gt;<\/a><\/p>","protected":false},"author":14,"featured_media":0,"comment_status":"closed","ping_status":"closed","sticky":false,"template":"","format":"standard","meta":{"_lmt_disableupdate":"","_lmt_disable":"","cybocfi_hide_featured_image":"","footnotes":""},"categories":[17,5,4],"tags":[],"class_list":["post-3695","post","type-post","status-publish","format-standard","hentry","category-adalfrett","category-efni","category-tilkynningar"],"modified_by":null,"_links":{"self":[{"href":"https:\/\/hvest.is\/pl\/wp-json\/wp\/v2\/posts\/3695","targetHints":{"allow":["GET"]}}],"collection":[{"href":"https:\/\/hvest.is\/pl\/wp-json\/wp\/v2\/posts"}],"about":[{"href":"https:\/\/hvest.is\/pl\/wp-json\/wp\/v2\/types\/post"}],"author":[{"embeddable":true,"href":"https:\/\/hvest.is\/pl\/wp-json\/wp\/v2\/users\/14"}],"replies":[{"embeddable":true,"href":"https:\/\/hvest.is\/pl\/wp-json\/wp\/v2\/comments?post=3695"}],"version-history":[{"count":0,"href":"https:\/\/hvest.is\/pl\/wp-json\/wp\/v2\/posts\/3695\/revisions"}],"wp:attachment":[{"href":"https:\/\/hvest.is\/pl\/wp-json\/wp\/v2\/media?parent=3695"}],"wp:term":[{"taxonomy":"category","embeddable":true,"href":"https:\/\/hvest.is\/pl\/wp-json\/wp\/v2\/categories?post=3695"},{"taxonomy":"post_tag","embeddable":true,"href":"https:\/\/hvest.is\/pl\/wp-json\/wp\/v2\/tags?post=3695"}],"curies":[{"name":"wp","href":"https:\/\/api.w.org\/{rel}","templated":true}]}}