{"id":3686,"date":"2024-04-03T17:37:27","date_gmt":"2024-04-03T17:37:27","guid":{"rendered":"https:\/\/hvest.is\/?p=3686"},"modified":"2024-04-05T00:56:18","modified_gmt":"2024-04-05T00:56:18","slug":"skyndihjalparnamskeid-a-patreksfirdi","status":"publish","type":"post","link":"https:\/\/hvest.is\/pl\/skyndihjalparnamskeid-a-patreksfirdi\/","title":{"rendered":"Kurs pierwszej pomocy w Patreksfj\u00f6r\u00f0ur"},"content":{"rendered":"<h2 class=\"wp-block-heading\">W weekend 5 i 6 kwietnia w holu wej\u015bciowym szpitala w Patreksfj\u00f6r\u00f0ur odb\u0119dzie si\u0119 12-godzinny kurs pierwszej pomocy.<\/h2>\n\n\n\n<h2 class=\"wp-block-heading\">Celem kursu jest podniesienie wiedzy i umiej\u0119tno\u015bci uczestnik\u00f3w w zakresie bezpiecznego stosowania prostych metod udzielania pierwszej pomocy. Podniesienie umiej\u0119tno\u015bci oceny objaw\u00f3w powszechnych chor\u00f3b i uraz\u00f3w.<\/h2>\n\n\n\n<ul class=\"wp-block-list\">\n<li>Kurs przeznaczony jest dla wszystkich, kt\u00f3rzy uko\u0144czyli 14 rok \u017cycia, kt\u00f3rzy chc\u0105 nauczy\u0107 si\u0119 pierwszej pomocy i resuscytacji kr\u0105\u017ceniowo-oddechowej oraz zdoby\u0107 bezpiecze\u0144stwo, umiej\u0119tno\u015bci i wiedz\u0119 potrzebne do udzielenia pomocy osobom postronnym w sytuacji awaryjnej poprzez bezpieczne stosowanie prostych technik pierwszej pomocy.<\/li>\n\n\n\n<li>Kurs trwa 12 godzin po 6 godzin dziennie od 11:00 do 17:00 i jest oceniany pod k\u0105tem zalicze\u0144 w wi\u0119kszo\u015bci szk\u00f3\u0142 \u015brednich, podwy\u017cszenia uprawnie\u0144 do kierowania pojazdami, uprawnie\u0144 zawodowych ratownika medycznego itp.<\/li>\n\n\n\n<li>Uwaga: udzia\u0142 w kursie jest warunkiem wst\u0119pnym.<\/li>\n\n\n\n<li>Op\u0142ata za uczestnictwo wynosi 20 tys. ISK przy minimalnej liczbie 15 uczestnik\u00f3w, aby kurs si\u0119 odby\u0142. Maksymalnie 30.<\/li>\n\n\n\n<li>Op\u0142ata za uczestnictwo nie podlega zwrotowi w przypadku, gdy kurs jest kr\u00f3tszy ni\u017c trzy dni i nie posiada si\u0119 za\u015bwiadczenia lekarskiego. Po rozpocz\u0119ciu kursu op\u0142ata za uczestnictwo nie podlega zwrotowi.<\/li>\n\n\n\n<li>UWAGA!! Mo\u017cna zaopatrzy\u0107 si\u0119 w wod\u0119, herbat\u0119 i kaw\u0119, a tak\u017ce lekkie jedzenie, ale zach\u0119ca si\u0119 do przyniesienia przek\u0105sek.<\/li>\n<\/ul>\n\n\n\n<h2 class=\"wp-block-heading\">Potwierdzenie<\/h2>\n\n\n\n<ul class=\"wp-block-list\">\n<li>Po uko\u0144czeniu kursu uczestnicy otrzymuj\u0105 uznanie Islandzkiego Czerwonego Krzy\u017ca i Ministerstwa Opieki Spo\u0142ecznej. Zaleca si\u0119 kontynuacj\u0119 nauki co drugi rok.<\/li>\n<\/ul>\n\n\n\n<h2 class=\"wp-block-heading\">Zapisy odbywaj\u0105 si\u0119 u instruktor\u00f3w kursu (wy\u015blij imi\u0119 i nazwisko oraz numer telefonu): <\/h2>\n\n\n\n<ul class=\"wp-block-list\">\n<li>\u00de\u00f3runn Sigurbj\u00f6rg Berg pod adresem e-mail: thorunnsb3259@gmail.com<\/li>\n\n\n\n<li>Gu\u00f0r\u00fan \u00ddr Gr\u00e9tarsd\u00f3ttir na adres e-mail: gudrun-yr@hotmail.com <\/li>\n<\/ul>\n\n\n\n<p><\/p>\n\n\n\n<p><\/p>\n\n\n\n<p><\/p>","protected":false},"excerpt":{"rendered":"<p>W weekend 5 i 6 kwietnia w holu wej\u015bciowym szpitala w Patreksfj\u00f6r\u00f0ur odb\u0119dzie si\u0119 12-godzinny kurs pierwszej pomocy. Celem kursu jest podniesienie wiedzy i umiej\u0119tno\u015bci uczestnik\u00f3w w zakresie stosowania [...] <a href=\"https:\/\/hvest.is\/pl\/skyndihjalparnamskeid-a-patreksfirdi\/\">Wi\u0119cej &gt;<\/a><\/p>","protected":false},"author":14,"featured_media":0,"comment_status":"closed","ping_status":"closed","sticky":false,"template":"","format":"standard","meta":{"_lmt_disableupdate":"","_lmt_disable":"","cybocfi_hide_featured_image":"","footnotes":""},"categories":[5,4],"tags":[],"class_list":["post-3686","post","type-post","status-publish","format-standard","hentry","category-efni","category-tilkynningar"],"modified_by":null,"_links":{"self":[{"href":"https:\/\/hvest.is\/pl\/wp-json\/wp\/v2\/posts\/3686","targetHints":{"allow":["GET"]}}],"collection":[{"href":"https:\/\/hvest.is\/pl\/wp-json\/wp\/v2\/posts"}],"about":[{"href":"https:\/\/hvest.is\/pl\/wp-json\/wp\/v2\/types\/post"}],"author":[{"embeddable":true,"href":"https:\/\/hvest.is\/pl\/wp-json\/wp\/v2\/users\/14"}],"replies":[{"embeddable":true,"href":"https:\/\/hvest.is\/pl\/wp-json\/wp\/v2\/comments?post=3686"}],"version-history":[{"count":0,"href":"https:\/\/hvest.is\/pl\/wp-json\/wp\/v2\/posts\/3686\/revisions"}],"wp:attachment":[{"href":"https:\/\/hvest.is\/pl\/wp-json\/wp\/v2\/media?parent=3686"}],"wp:term":[{"taxonomy":"category","embeddable":true,"href":"https:\/\/hvest.is\/pl\/wp-json\/wp\/v2\/categories?post=3686"},{"taxonomy":"post_tag","embeddable":true,"href":"https:\/\/hvest.is\/pl\/wp-json\/wp\/v2\/tags?post=3686"}],"curies":[{"name":"wp","href":"https:\/\/api.w.org\/{rel}","templated":true}]}}