{"id":3672,"date":"2024-03-12T08:22:44","date_gmt":"2024-03-12T08:22:44","guid":{"rendered":"https:\/\/hvest.is\/?p=3672"},"modified":"2024-03-12T08:24:27","modified_gmt":"2024-03-12T08:24:27","slug":"ludvik-thorgeirsson-nyr-forstjori-heilbrigdistofnunar-vestfjarda","status":"publish","type":"post","link":"https:\/\/hvest.is\/pl\/ludvik-thorgeirsson-nyr-forstjori-heilbrigdistofnunar-vestfjarda\/","title":{"rendered":"L\u00fa\u00f0v\u00edk \u00deorgeirsson zostaje nowym dyrektorem Fundacji Zdrowia Vestfj\u00f6r\u00f0ur."},"content":{"rendered":"<p>L\u00fa\u00f0v\u00edk \u00deorgeirsson zosta\u0142 mianowany dyrektorem generalnym HVest od 1 marca na kolejne pi\u0119\u0107 lat. Przej\u0105\u0142 to stanowisko od Gylfy \u00d3lafssona.<\/p>\n\n\n\n<p>Ludv\u00edk jest analitykiem biznesowym z tytu\u0142em magistra. uzyska\u0142a tytu\u0142 magistra finans\u00f3w przedsi\u0119biorstw na Uniwersytecie w Reykjav\u00edku i kontynuuje studia magisterskie z administracji publicznej na Uniwersytecie Islandzkim, ze specjalizacj\u0105 w zarz\u0105dzaniu zasobami ludzkimi. Przez ostatnie cztery lata L\u00fa\u00f0v\u00edk zajmowa\u0142 stanowisko Mened\u017cera Operacyjnego w Ministerstwie Spraw Spo\u0142ecznych i Rynku Pracy. Wcze\u015bniej pracowa\u0142 m.in. w Komisji Nadzoru Finansowego, gdzie kierowa\u0142 dzia\u0142em analiz w jednym z trzech kluczowych obszar\u00f3w funkcjonowania urz\u0119du. Przez pewien czas by\u0142 menad\u017cerem ds. ubezpiecze\u0144 i zast\u0119pc\u0105 dyrektora w European Risk Insurance Company w Anglii. Przez lata by\u0142 dyrektorem ds. ubezpiecze\u0144 i oceny ryzyka w Actavis Group hf. a wcze\u015bniej dyrektor w Tryggingami\u00f0st\u00f8rn hf.<\/p>\n\n\n\n<p>Zapraszamy Lu\u00f0v\u00edka do pracy.<\/p>\n\n\n\n<p><\/p>\n\n\n\n<figure class=\"wp-block-image size-full\"><img decoding=\"async\" width=\"383\" height=\"428\" src=\"https:\/\/hvest.is\/wp-content\/uploads\/2024\/03\/Picture1-Ludvik.jpg\" alt=\"\" class=\"wp-image-3673\" srcset=\"https:\/\/hvest.is\/wp-content\/uploads\/2024\/03\/Picture1-Ludvik-11x12.jpg 11w, https:\/\/hvest.is\/wp-content\/uploads\/2024\/03\/Picture1-Ludvik-200x223.jpg 200w, https:\/\/hvest.is\/wp-content\/uploads\/2024\/03\/Picture1-Ludvik-268x300.jpg 268w, https:\/\/hvest.is\/wp-content\/uploads\/2024\/03\/Picture1-Ludvik.jpg 383w\" sizes=\"(max-width: 383px) 100vw, 383px\" \/><\/figure>","protected":false},"excerpt":{"rendered":"<p>L\u00fa\u00f0v\u00edk \u00deorgeirsson zosta\u0142 mianowany dyrektorem generalnym HVest od 1 marca na kolejne pi\u0119\u0107 lat. Przej\u0105\u0142 to stanowisko od Gylfy \u00d3lafssona. Ludv\u00edk jest analitykiem biznesowym z tytu\u0142em magistra. dyplom z finans\u00f3w przedsi\u0119biorstw <a href=\"https:\/\/hvest.is\/pl\/ludvik-thorgeirsson-nyr-forstjori-heilbrigdistofnunar-vestfjarda\/\">Wi\u0119cej &gt;<\/a><\/p>","protected":false},"author":8,"featured_media":0,"comment_status":"closed","ping_status":"closed","sticky":false,"template":"","format":"standard","meta":{"_lmt_disableupdate":"","_lmt_disable":"","cybocfi_hide_featured_image":"","footnotes":""},"categories":[17,5],"tags":[],"class_list":["post-3672","post","type-post","status-publish","format-standard","hentry","category-adalfrett","category-efni"],"modified_by":"HEP","_links":{"self":[{"href":"https:\/\/hvest.is\/pl\/wp-json\/wp\/v2\/posts\/3672","targetHints":{"allow":["GET"]}}],"collection":[{"href":"https:\/\/hvest.is\/pl\/wp-json\/wp\/v2\/posts"}],"about":[{"href":"https:\/\/hvest.is\/pl\/wp-json\/wp\/v2\/types\/post"}],"author":[{"embeddable":true,"href":"https:\/\/hvest.is\/pl\/wp-json\/wp\/v2\/users\/8"}],"replies":[{"embeddable":true,"href":"https:\/\/hvest.is\/pl\/wp-json\/wp\/v2\/comments?post=3672"}],"version-history":[{"count":0,"href":"https:\/\/hvest.is\/pl\/wp-json\/wp\/v2\/posts\/3672\/revisions"}],"wp:attachment":[{"href":"https:\/\/hvest.is\/pl\/wp-json\/wp\/v2\/media?parent=3672"}],"wp:term":[{"taxonomy":"category","embeddable":true,"href":"https:\/\/hvest.is\/pl\/wp-json\/wp\/v2\/categories?post=3672"},{"taxonomy":"post_tag","embeddable":true,"href":"https:\/\/hvest.is\/pl\/wp-json\/wp\/v2\/tags?post=3672"}],"curies":[{"name":"wp","href":"https:\/\/api.w.org\/{rel}","templated":true}]}}