{"id":3646,"date":"2024-02-28T13:35:38","date_gmt":"2024-02-28T13:35:38","guid":{"rendered":"https:\/\/hvest.is\/?p=3646"},"modified":"2024-02-28T13:35:40","modified_gmt":"2024-02-28T13:35:40","slug":"sjalfstaett-starfandi-sjukrathjalfari-a-patreksfirdi","status":"publish","type":"post","link":"https:\/\/hvest.is\/pl\/sjalfstaett-starfandi-sjukrathjalfari-a-patreksfirdi\/","title":{"rendered":"Fizjoterapeuta pracuj\u0105cy na w\u0142asny rachunek w Patreksfj\u00f6r\u00f0ur"},"content":{"rendered":"<blockquote class=\"wp-block-quote is-layout-flow wp-block-quote-is-layout-flow\">\n<p>Rezerwacje na marzec 2024 z fizjoterapeutk\u0105 \u00de\u00f3r\u0105 Krist\u00edn\u0105 Bergsd\u00f3ttir, mgr.<\/p>\n<\/blockquote>\n\n\n\n<p>\u00de\u00f3ra Krist\u00edn jest absolwentk\u0105 Uniwersytetu Islandzkiego z tytu\u0142em licencjata. stopie\u0144 magistra fizjoterapii w 2019 r. oraz tytu\u0142 mgr in\u017c. dyplom z fizjoterapii w 2022 roku.&nbsp;<\/p>\n\n\n\n<p>Nast\u0119pnie do ko\u0144ca 2023 r. pracowa\u0142a jako fizjoterapeutka w multidyscyplinarnym zespole w o\u015brodku rehabilitacyjnym w H\u00e6fi, a na pocz\u0105tku 2024 r. zosta\u0142a przeniesiona do Centrum Zdrowia Vestfj\u00f6r\u00f0ur.<\/p>\n\n\n<div class=\"wp-block-image\">\n<figure class=\"alignright is-resized\"><img decoding=\"async\" width=\"1024\" height=\"1024\" src=\"https:\/\/hvest.is\/wp-content\/uploads\/2024\/02\/image.jpeg\" alt=\"Leita \u00ed fyrirspurn hli\u00f0arstiku\" class=\"wp-image-3651\" style=\"width:373px;height:auto\" srcset=\"https:\/\/hvest.is\/wp-content\/uploads\/2024\/02\/image-12x12.jpeg 12w, https:\/\/hvest.is\/wp-content\/uploads\/2024\/02\/image-66x66.jpeg 66w, https:\/\/hvest.is\/wp-content\/uploads\/2024\/02\/image-150x150.jpeg 150w, https:\/\/hvest.is\/wp-content\/uploads\/2024\/02\/image-200x200.jpeg 200w, https:\/\/hvest.is\/wp-content\/uploads\/2024\/02\/image-300x300.jpeg 300w, https:\/\/hvest.is\/wp-content\/uploads\/2024\/02\/image-400x400.jpeg 400w, https:\/\/hvest.is\/wp-content\/uploads\/2024\/02\/image-600x600.jpeg 600w, https:\/\/hvest.is\/wp-content\/uploads\/2024\/02\/image-768x768.jpeg 768w, https:\/\/hvest.is\/wp-content\/uploads\/2024\/02\/image-800x800.jpeg 800w, https:\/\/hvest.is\/wp-content\/uploads\/2024\/02\/image.jpeg 1024w\" sizes=\"(max-width: 1024px) 100vw, 1024px\" \/><\/figure>\n<\/div>\n\n\n<p>Od kilku lat pracuje tak\u017ce jako fizjoterapeuta dru\u017cyn pi\u0142karskich i r\u0119cznych.<\/p>\n\n\n\n<p>Jako studentka fizjoterapii \u00de\u00f3ra Krist\u00edn pracowa\u0142a w r\u00f3\u017cnych miejscach, w tym na oddziale neurologicznym i ortopedycznym Landsp\u00edtal, \u00c6fingast\u00f3\u00f0in (fizjoterapia dla dzieci), Hrafnistu, centrum rehabilitacyjnym H\u00e6fi, HVest i innych.<\/p>\n\n\n\n<p>Uczestniczy\u0142a w r\u00f3\u017cnorodnych kursach m.in. z zakresu starzenia si\u0119 i technik leczenia fizjoterapeutycznego, fizjoterapii sportowej, edukacji przeciwb\u00f3lowej, kontroli ruchu miednicy, \u0142opatki i \u017ceber.<\/p>\n\n\n\n<p>Zajmuje si\u0119 wszelk\u0105 fizjoterapi\u0105 og\u00f3ln\u0105, a jej g\u0142\u00f3wne obszary zainteresowa\u0144 to z jednej strony leczenie b\u00f3lu przewlek\u0142ego, a z drugiej problem\u00f3w kr\u0119gos\u0142upa i szyi.<\/p>\n\n\n\n<h2 class=\"wp-block-heading\">Spotkania<\/h2>\n\n\n\n<p>Na wizyt\u0119 w dniach 8-10 marca oraz 22-24 marca mo\u017cna umawia\u0107 si\u0119 mailowo na adres <a href=\"mailto:tora.k.bergsdottir@hvest.is\">tora.k.bergsdottir@hvest.is<\/a><\/p>\n\n\n\n<p>Taryfa zale\u017cy od obowi\u0105zuj\u0105cej w dowolnym momencie taryfy ubezpieczenia zdrowotnego \u00cdsllands plus op\u0142ata za przyjazd w wysoko\u015bci 2350 ISK. Islandzkie ubezpieczenie zdrowotne pokrywa koszty fizjoterapii wszystkich os\u00f3b ubezpieczonych na Islandii zgodnie z art zgodnie z systemem wsp\u00f3\u0142p\u0142atno\u015bci.<\/p>","protected":false},"excerpt":{"rendered":"<p>Rezerwacje na marzec 2024 z fizjoterapeutk\u0105 \u00de\u00f3r\u0105 Krist\u00edn\u0105 Bergsd\u00f3ttir, mgr. \u00de\u00f3ra Krist\u00edn jest absolwentk\u0105 Uniwersytetu Islandzkiego z tytu\u0142em licencjata. stopie\u0144 magistra fizjoterapii w 2019 r. oraz tytu\u0142 mgr in\u017c. dyplom z fizjoterapii w 2022 roku.&nbsp; <a href=\"https:\/\/hvest.is\/pl\/sjalfstaett-starfandi-sjukrathjalfari-a-patreksfirdi\/\">Wi\u0119cej &gt;<\/a><\/p>","protected":false},"author":14,"featured_media":0,"comment_status":"closed","ping_status":"closed","sticky":false,"template":"","format":"standard","meta":{"_lmt_disableupdate":"","_lmt_disable":"","cybocfi_hide_featured_image":"","footnotes":""},"categories":[17,5,16],"tags":[],"class_list":["post-3646","post","type-post","status-publish","format-standard","hentry","category-adalfrett","category-efni","category-serfr"],"modified_by":null,"_links":{"self":[{"href":"https:\/\/hvest.is\/pl\/wp-json\/wp\/v2\/posts\/3646","targetHints":{"allow":["GET"]}}],"collection":[{"href":"https:\/\/hvest.is\/pl\/wp-json\/wp\/v2\/posts"}],"about":[{"href":"https:\/\/hvest.is\/pl\/wp-json\/wp\/v2\/types\/post"}],"author":[{"embeddable":true,"href":"https:\/\/hvest.is\/pl\/wp-json\/wp\/v2\/users\/14"}],"replies":[{"embeddable":true,"href":"https:\/\/hvest.is\/pl\/wp-json\/wp\/v2\/comments?post=3646"}],"version-history":[{"count":0,"href":"https:\/\/hvest.is\/pl\/wp-json\/wp\/v2\/posts\/3646\/revisions"}],"wp:attachment":[{"href":"https:\/\/hvest.is\/pl\/wp-json\/wp\/v2\/media?parent=3646"}],"wp:term":[{"taxonomy":"category","embeddable":true,"href":"https:\/\/hvest.is\/pl\/wp-json\/wp\/v2\/categories?post=3646"},{"taxonomy":"post_tag","embeddable":true,"href":"https:\/\/hvest.is\/pl\/wp-json\/wp\/v2\/tags?post=3646"}],"curies":[{"name":"wp","href":"https:\/\/api.w.org\/{rel}","templated":true}]}}