{"id":3483,"date":"2023-10-12T11:08:28","date_gmt":"2023-10-12T11:08:28","guid":{"rendered":"https:\/\/hvest.is\/?p=3483"},"modified":"2023-10-26T14:58:56","modified_gmt":"2023-10-26T14:58:56","slug":"gott-ad-eldast-heilbrigdisstofnun-vestfjarda-tekur-thatt-i-throunarverkefni","status":"publish","type":"post","link":"https:\/\/hvest.is\/pl\/gott-ad-eldast-heilbrigdisstofnun-vestfjarda-tekur-thatt-i-throunarverkefni\/","title":{"rendered":"Starzej si\u0119 dobrze: Instytut Zdrowia Vestfj\u00f6r\u00f0ur bierze udzia\u0142 w projekcie rozwojowym"},"content":{"rendered":"<p>Instytut Zdrowia Vestfj\u00f6r\u00f0ur wraz z pi\u0119cioma w\u0142adzami lokalnymi: Bolungarv\u00edkurkaupsta\u00f0, \u00cdsafj\u00f6r\u00f0arb\u00e6r, S\u00fa\u00f0av\u00edkurhrepp, T\u00e1lknafj\u00f6r\u00f0ur i Vesturbygg\u00f0 wezm\u0105 udzia\u0142 w projekcie rozwojowym, kt\u00f3rego celem jest zintegrowanie us\u0142ug socjalnych i zdrowotnych dla os\u00f3b starszych w ich domach. Ministerstwo Spraw Spo\u0142ecznych i Rynku Pracy oraz Ministerstwo Zdrowia og\u0142osi\u0142y latem tego roku ch\u0119\u0107 takiej wsp\u00f3\u0142pracy z w\u0142adzami lokalnymi i plac\u00f3wkami s\u0142u\u017cby zdrowia. Zainteresowanie by\u0142o du\u017ce, wp\u0142yn\u0119\u0142o \u0142\u0105cznie 19 zg\u0142osze\u0144. W projekcie, kt\u00f3ry jest podzielony na sze\u015b\u0107 region\u00f3w, bior\u0105 udzia\u0142 \u0142\u0105cznie 22 gminy i sze\u015b\u0107 zak\u0142ad\u00f3w opieki zdrowotnej z ca\u0142ego kraju. <br><br>Projekty rozwojowe s\u0105 cz\u0119\u015bci\u0105 planu dzia\u0142ania <a href=\"https:\/\/www.stjornarradid.is\/verkefni\/lif-og-heilsa\/oldrunarmal\/gott-ad-eldast\/\">Dobrze si\u0119 zestarze\u0107<\/a> ale wraz z ni\u0105 rz\u0105d w nowy spos\u00f3b dba o us\u0142ugi dla os\u00f3b starszych. Celem projekt\u00f3w rozwojowych jest znalezienie dobrych rozwi\u0105za\u0144 w zakresie integracji us\u0142ug spo\u0142ecznych i zdrowotnych dla os\u00f3b starszych oraz staranne powi\u0105zanie element\u00f3w, kt\u00f3rymi z jednej strony zajmuje si\u0119 pa\u0144stwo, i w\u0142adzami lokalnymi z drugiej.<br><\/p>\n\n\n\n<figure class=\"wp-block-image size-large\"><img decoding=\"async\" width=\"1024\" height=\"680\" src=\"https:\/\/hvest.is\/wp-content\/uploads\/2023\/10\/THrounarverkefni-1024x680.png\" alt=\"\" class=\"wp-image-3495\" srcset=\"https:\/\/hvest.is\/wp-content\/uploads\/2023\/10\/THrounarverkefni-18x12.png 18w, https:\/\/hvest.is\/wp-content\/uploads\/2023\/10\/THrounarverkefni-200x133.png 200w, https:\/\/hvest.is\/wp-content\/uploads\/2023\/10\/THrounarverkefni-300x199.png 300w, https:\/\/hvest.is\/wp-content\/uploads\/2023\/10\/THrounarverkefni-400x266.png 400w, https:\/\/hvest.is\/wp-content\/uploads\/2023\/10\/THrounarverkefni-600x398.png 600w, https:\/\/hvest.is\/wp-content\/uploads\/2023\/10\/THrounarverkefni-768x510.png 768w, https:\/\/hvest.is\/wp-content\/uploads\/2023\/10\/THrounarverkefni-800x531.png 800w, https:\/\/hvest.is\/wp-content\/uploads\/2023\/10\/THrounarverkefni-1024x680.png 1024w, https:\/\/hvest.is\/wp-content\/uploads\/2023\/10\/THrounarverkefni.png 1047w\" sizes=\"(max-width: 1024px) 100vw, 1024px\" \/><\/figure>","protected":false},"excerpt":{"rendered":"<p>Instytut Zdrowia Vestfj\u00f6r\u00f0ur wraz z pi\u0119cioma gminami: Bolungarv\u00edkurkaupsta\u00f0, \u00cdsafj\u00f6r\u00f0arb\u00e6r, S\u00fa\u00f0av\u00edkurhrepp, T\u00e1lknafj\u00f6r\u00f0ur i Vesturbygg\u00f0 wezm\u0105 udzia\u0142 w projekcie rozwojowym, kt\u00f3rego celem jest zintegrowanie us\u0142ug socjalnych i zdrowotnych dla os\u00f3b starszych w ich domach. <a href=\"https:\/\/hvest.is\/pl\/gott-ad-eldast-heilbrigdisstofnun-vestfjarda-tekur-thatt-i-throunarverkefni\/\">Wi\u0119cej &gt;<\/a><\/p>","protected":false},"author":8,"featured_media":0,"comment_status":"closed","ping_status":"closed","sticky":false,"template":"","format":"standard","meta":{"_lmt_disableupdate":"no","_lmt_disable":"","cybocfi_hide_featured_image":"","footnotes":""},"categories":[17,5],"tags":[],"class_list":["post-3483","post","type-post","status-publish","format-standard","hentry","category-adalfrett","category-efni"],"modified_by":"HEP","_links":{"self":[{"href":"https:\/\/hvest.is\/pl\/wp-json\/wp\/v2\/posts\/3483","targetHints":{"allow":["GET"]}}],"collection":[{"href":"https:\/\/hvest.is\/pl\/wp-json\/wp\/v2\/posts"}],"about":[{"href":"https:\/\/hvest.is\/pl\/wp-json\/wp\/v2\/types\/post"}],"author":[{"embeddable":true,"href":"https:\/\/hvest.is\/pl\/wp-json\/wp\/v2\/users\/8"}],"replies":[{"embeddable":true,"href":"https:\/\/hvest.is\/pl\/wp-json\/wp\/v2\/comments?post=3483"}],"version-history":[{"count":0,"href":"https:\/\/hvest.is\/pl\/wp-json\/wp\/v2\/posts\/3483\/revisions"}],"wp:attachment":[{"href":"https:\/\/hvest.is\/pl\/wp-json\/wp\/v2\/media?parent=3483"}],"wp:term":[{"taxonomy":"category","embeddable":true,"href":"https:\/\/hvest.is\/pl\/wp-json\/wp\/v2\/categories?post=3483"},{"taxonomy":"post_tag","embeddable":true,"href":"https:\/\/hvest.is\/pl\/wp-json\/wp\/v2\/tags?post=3483"}],"curies":[{"name":"wp","href":"https:\/\/api.w.org\/{rel}","templated":true}]}}