{"id":3300,"date":"2023-05-08T08:49:35","date_gmt":"2023-05-08T08:49:35","guid":{"rendered":"https:\/\/hvest.is\/?p=3300"},"modified":"2023-05-08T08:51:10","modified_gmt":"2023-05-08T08:51:10","slug":"tannlaeknavagn-fyrir-fatlada-afhentur","status":"publish","type":"post","link":"https:\/\/hvest.is\/pl\/tannlaeknavagn-fyrir-fatlada-afhentur\/","title":{"rendered":"Dostarczono w\u00f3zek dentystyczny dla os\u00f3b niepe\u0142nosprawnych"},"content":{"rendered":"<p>Stowarzyszenie Os\u00f3b Niepe\u0142nosprawnych Vestfj\u00f6r\u00f0ur niedawno dostarczy\u0142o w\u00f3zek dentystyczny, kt\u00f3ry zostanie umieszczony na sali operacyjnej Fundacji Zdrowia Vestfj\u00f6r\u00f0ur w \u00cdsafj\u00f6r\u00f0ur.<\/p>\n\n\n\n<p>Wiele os\u00f3b niepe\u0142nosprawnych musi zosta\u0107 poddanych sedacji, aby otrzyma\u0107 leczenie stomatologiczne. Musi si\u0119 wi\u0119c odbywa\u0107 na sali operacyjnej, ale wtedy musi by\u0107 dost\u0119pny specjalistyczny sprz\u0119t dentyst\u00f3w. W\u00f3zek posiada przy\u0142\u0105cza do wiercenia, wody i spr\u0119\u017conego powietrza. Obecnie w okolicy pracuje dw\u00f3ch dentyst\u00f3w, Vi\u00f0ar Konr\u00e1\u00f0sson w \u00cdsafj\u00f6r\u00f0ur i Katr\u00edn Ugla Kristj\u00e1nsd\u00f3ttir w Bolungarv\u00edk. Oni, jak r\u00f3wnie\u017c inni denty\u015bci, kt\u00f3rzy sobie tego \u017cycz\u0105, mog\u0105 swobodnie korzysta\u0107 z w\u00f3zka w porozumieniu z oddzia\u0142em chirurgii i ambulatorium plac\u00f3wki s\u0142u\u017cby zdrowia.<\/p>\n\n\n\n<p>Na zdj\u0119ciu piel\u0119gniarka anestezjologiczna Sara Gu\u00f0mundsd\u00f3ttir przyjmuje urz\u0105dzenie od \u00deur\u00ed\u00f0i Sigur\u00f0ard\u00f3ttir, \u00c1rn\u00fdja Bj\u00f6rga Halld\u00f3rsd\u00f3ttir i Ger\u00f0u Helga P\u00e9tursd\u00f3ttir.<\/p>","protected":false},"excerpt":{"rendered":"<p>Stowarzyszenie Os\u00f3b Niepe\u0142nosprawnych Vestfj\u00f6r\u00f0ur niedawno dostarczy\u0142o w\u00f3zek dentystyczny, kt\u00f3ry zostanie umieszczony na sali operacyjnej Fundacji Zdrowia Vestfj\u00f6r\u00f0ur w \u00cdsafj\u00f6r\u00f0ur. Wiele os\u00f3b niepe\u0142nosprawnych wymaga uspokojenia, aby zapewni\u0107 [\u2026] <a href=\"https:\/\/hvest.is\/pl\/tannlaeknavagn-fyrir-fatlada-afhentur\/\">Wi\u0119cej &gt;<\/a><\/p>","protected":false},"author":3,"featured_media":3301,"comment_status":"closed","ping_status":"closed","sticky":false,"template":"","format":"standard","meta":{"_lmt_disableupdate":"","_lmt_disable":"","cybocfi_hide_featured_image":"","footnotes":""},"categories":[5],"tags":[],"class_list":["post-3300","post","type-post","status-publish","format-standard","has-post-thumbnail","hentry","category-efni"],"modified_by":"G\u00d3","_links":{"self":[{"href":"https:\/\/hvest.is\/pl\/wp-json\/wp\/v2\/posts\/3300","targetHints":{"allow":["GET"]}}],"collection":[{"href":"https:\/\/hvest.is\/pl\/wp-json\/wp\/v2\/posts"}],"about":[{"href":"https:\/\/hvest.is\/pl\/wp-json\/wp\/v2\/types\/post"}],"author":[{"embeddable":true,"href":"https:\/\/hvest.is\/pl\/wp-json\/wp\/v2\/users\/3"}],"replies":[{"embeddable":true,"href":"https:\/\/hvest.is\/pl\/wp-json\/wp\/v2\/comments?post=3300"}],"version-history":[{"count":0,"href":"https:\/\/hvest.is\/pl\/wp-json\/wp\/v2\/posts\/3300\/revisions"}],"wp:featuredmedia":[{"embeddable":true,"href":"https:\/\/hvest.is\/pl\/wp-json\/wp\/v2\/media\/3301"}],"wp:attachment":[{"href":"https:\/\/hvest.is\/pl\/wp-json\/wp\/v2\/media?parent=3300"}],"wp:term":[{"taxonomy":"category","embeddable":true,"href":"https:\/\/hvest.is\/pl\/wp-json\/wp\/v2\/categories?post=3300"},{"taxonomy":"post_tag","embeddable":true,"href":"https:\/\/hvest.is\/pl\/wp-json\/wp\/v2\/tags?post=3300"}],"curies":[{"name":"wp","href":"https:\/\/api.w.org\/{rel}","templated":true}]}}