{"id":3283,"date":"2023-05-02T12:01:05","date_gmt":"2023-05-02T12:01:05","guid":{"rendered":"https:\/\/hvest.is\/?p=3283"},"modified":"2023-08-22T08:17:19","modified_gmt":"2023-08-22T08:17:19","slug":"sumaropnunartimi-heilsugaeslustodva","status":"publish","type":"post","link":"https:\/\/hvest.is\/pl\/sumaropnunartimi-heilsugaeslustodva\/","title":{"rendered":"Godziny otwarcia przychodni w okresie letnim"},"content":{"rendered":"<p>W zwi\u0105zku z wakacyjnymi wakacjami lekarzy i pozosta\u0142ego personelu godziny otwarcia przychodni b\u0119d\u0105 nast\u0119puj\u0105ce:<\/p>\n\n\n\n<p><strong><u>P\u00f3\u0142nocna cz\u0119\u015b\u0107 Vestfj\u00f6r\u00f0ur<\/u><\/strong><\/p>\n\n\n\n<p>Plac\u00f3wka opieki zdrowotnej w \u00cdsafj\u00f6r\u00f0ur jest otwarta w ka\u017cdy dzie\u0144 powszedni.<\/p>\n\n\n\n<p>Opieka zdrowotna w Su\u00f0ureyri, S\u00fa\u00f0av\u00edk i Flateyri b\u0119dzie zamkni\u0119ta od 15 do 31 maja. Sierpie\u0144<\/p>\n\n\n\n<p>Centrum zdrowia w \u00deingeyri we wtorki o godz 09:00\u201315:00.<\/p>\n\n\n\n<p>O\u015brodek zdrowia w Bolungarv\u00edku w poniedzia\u0142ki o godz 13:00-15:00 oraz w czwartki o godz 09:00\u201312:00.<\/p>\n\n\n\n<p><a><strong><u>Sunnaver\u00f0ir Vestfj\u00f6r\u00f0ur<\/u><\/strong><\/a><\/p>\n\n\n\n<p>O\u015brodek zdrowia w Patreksfj\u00f6r\u00f0ur jest otwarty w ka\u017cdy dzie\u0144 powszedni w godz 08:00\u201315:00.<\/p>\n\n\n\n<p>O\u015brodek zdrowia w T\u00e1lknafj\u00f6r\u00f0ur jest otwarty w czwartki w godz 10:00\u201312:00.<\/p>\n\n\n\n<p>O\u015brodek zdrowia w B\u00edldudal jest otwarty w czwartki w godz 13:30\u201315:00.<\/p>\n\n\n\n<p>Wizyty po po\u0142udniowej stronie Vestfj\u00f6r\u00f0ur mo\u017cna umawia\u0107 telefonicznie <a href=\"telefon: +3544502000\">450 2000<\/a> w ka\u017cdy dzie\u0144 powszedni o godz 08:00\u201315:00.<\/p>\n\n\n\n<p><br>Wizyty mo\u017cna umawia\u0107 telefonicznie <a href=\"telefon: +3544504500\">450 4500<\/a> mi\u0119dzy 8.00-15.00 we wszystkie dni robocze.<\/p>","protected":false},"excerpt":{"rendered":"<p>Ze wzgl\u0119du na urlopy lekarzy i pozosta\u0142ego personelu godziny otwarcia o\u015brodk\u00f3w zdrowia b\u0119d\u0105 nast\u0119puj\u0105ce: O\u015brodki zdrowia w \u00cdsafj\u00f6r\u00f0ur i Patreksfj\u00f6r\u00f0ur s\u0105 otwarte w ka\u017cdy dzie\u0144 powszedni. Przychodnie zdrowia w Su\u00f0ureyri, S\u00fa\u00f0av\u00edk i Flateyri <a href=\"https:\/\/hvest.is\/pl\/sumaropnunartimi-heilsugaeslustodva\/\">Wi\u0119cej &gt;<\/a><\/p>","protected":false},"author":6,"featured_media":0,"comment_status":"closed","ping_status":"closed","sticky":false,"template":"","format":"standard","meta":{"_lmt_disableupdate":"no","_lmt_disable":"","cybocfi_hide_featured_image":"yes","footnotes":""},"categories":[5],"tags":[],"class_list":["post-3283","post","type-post","status-publish","format-standard","hentry","category-efni"],"modified_by":"G\u00d3","_links":{"self":[{"href":"https:\/\/hvest.is\/pl\/wp-json\/wp\/v2\/posts\/3283","targetHints":{"allow":["GET"]}}],"collection":[{"href":"https:\/\/hvest.is\/pl\/wp-json\/wp\/v2\/posts"}],"about":[{"href":"https:\/\/hvest.is\/pl\/wp-json\/wp\/v2\/types\/post"}],"author":[{"embeddable":true,"href":"https:\/\/hvest.is\/pl\/wp-json\/wp\/v2\/users\/6"}],"replies":[{"embeddable":true,"href":"https:\/\/hvest.is\/pl\/wp-json\/wp\/v2\/comments?post=3283"}],"version-history":[{"count":0,"href":"https:\/\/hvest.is\/pl\/wp-json\/wp\/v2\/posts\/3283\/revisions"}],"wp:attachment":[{"href":"https:\/\/hvest.is\/pl\/wp-json\/wp\/v2\/media?parent=3283"}],"wp:term":[{"taxonomy":"category","embeddable":true,"href":"https:\/\/hvest.is\/pl\/wp-json\/wp\/v2\/categories?post=3283"},{"taxonomy":"post_tag","embeddable":true,"href":"https:\/\/hvest.is\/pl\/wp-json\/wp\/v2\/tags?post=3283"}],"curies":[{"name":"wp","href":"https:\/\/api.w.org\/{rel}","templated":true}]}}