{"id":3194,"date":"2023-03-23T12:09:36","date_gmt":"2023-03-23T12:09:36","guid":{"rendered":"https:\/\/hvest.is\/?p=3194"},"modified":"2023-08-22T08:17:35","modified_gmt":"2023-08-22T08:17:35","slug":"arsfundur-28-mars","status":"publish","type":"post","link":"https:\/\/hvest.is\/pl\/arsfundur-28-mars\/","title":{"rendered":"Doroczne spotkanie 28 marca"},"content":{"rendered":"<p>Doroczne spotkanie Fundacji Zdrowia Vestfj\u00f6r\u00f0ur odb\u0119dzie si\u0119 28 marca o godz 14:30-15:30 w sali Vesturafl w Su\u00f0urgatu w \u00cdsafj\u00f6r\u00f0ur i transmisja na \u017cywo <a href=\"https:\/\/www.facebook.com\/heilbrigdisstofnun.vestfjarda\/videos\/550526180521630\/\">Strona organizacji na Facebooku<\/a>.<\/p>\n\n\n\n<p><\/p>\n\n\n\n<p>Przedstawiony zostanie roczny raport, podkre\u015blaj\u0105cy najwa\u017cniejsze dzia\u0142ania organizacji w minionym roku.<\/p>\n\n\n\n<div class=\"wp-block-buttons is-content-justification-center is-layout-flex wp-container-core-buttons-is-layout-16018d1d wp-block-buttons-is-layout-flex\">\n<div class=\"wp-block-button\"><a class=\"wp-block-button__link wp-element-button\" href=\"https:\/\/hvest.is\/pl\/arsskyrsla-2021\/\" style=\"border-radius:5px\">Raport roczny 2021<\/a><\/div>\n\n\n\n<div class=\"wp-block-button\"><a class=\"wp-block-button__link wp-element-button\" href=\"https:\/\/hvest.is\/pl\/arsskyrsla-2022\/\" style=\"border-radius:5px\">Raport roczny 2022<\/a><\/div>\n<\/div>\n\n\n\n<p>Podobnie jak w zesz\u0142ym roku poruszamy r\u00f3wnie\u017c szeroko rozumian\u0105 problematyk\u0119 pomocy spo\u0142ecznej. Hildur El\u00edsabet P\u00e9tursd\u00f3ttir, dyrektor ds. piel\u0119gniarstwa, om\u00f3wi now\u0105 ustaw\u0119 dotycz\u0105c\u0105 sukcesu dzieci, a Arna L\u00e1ra J\u00f3nsd\u00f3ttir, burmistrz \u00cdsafjar\u00f0arb\u00e6r, przedstawi nowe rozwi\u0105zania dotycz\u0105ce us\u0142ug socjalnych na Fiordach Zachodnich.<\/p>\n\n\n\n<figure class=\"wp-block-image size-large\"><img decoding=\"async\" width=\"1024\" height=\"537\" src=\"https:\/\/hvest.is\/wp-content\/uploads\/2023\/03\/image-1024x537.png\" alt=\"\" class=\"wp-image-3195\" srcset=\"https:\/\/hvest.is\/wp-content\/uploads\/2023\/03\/image-18x9.png 18w, https:\/\/hvest.is\/wp-content\/uploads\/2023\/03\/image-200x105.png 200w, https:\/\/hvest.is\/wp-content\/uploads\/2023\/03\/image-300x157.png 300w, https:\/\/hvest.is\/wp-content\/uploads\/2023\/03\/image-400x210.png 400w, https:\/\/hvest.is\/wp-content\/uploads\/2023\/03\/image-600x314.png 600w, https:\/\/hvest.is\/wp-content\/uploads\/2023\/03\/image-768x402.png 768w, https:\/\/hvest.is\/wp-content\/uploads\/2023\/03\/image-800x419.png 800w, https:\/\/hvest.is\/wp-content\/uploads\/2023\/03\/image-1024x537.png 1024w, https:\/\/hvest.is\/wp-content\/uploads\/2023\/03\/image-1200x629.png 1200w, https:\/\/hvest.is\/wp-content\/uploads\/2023\/03\/image-1536x805.png 1536w, https:\/\/hvest.is\/wp-content\/uploads\/2023\/03\/image.png 1914w\" sizes=\"(max-width: 1024px) 100vw, 1024px\" \/><\/figure>","protected":false},"excerpt":{"rendered":"<p>Doroczne spotkanie Fundacji Zdrowia Vestfj\u00f6r\u00f0ur odb\u0119dzie si\u0119 28 marca o godz 14:30-15:30 w audytorium Vesturafl w Su\u00f0urgatu w \u00cdsafj\u00f6r\u00f0ur i transmisja na stronie organizacji na Facebooku. Sprawozdanie roczne zostanie przedstawione wraz z linkiem do [\u2026] <a href=\"https:\/\/hvest.is\/pl\/arsfundur-28-mars\/\">Wi\u0119cej &gt;<\/a><\/p>","protected":false},"author":3,"featured_media":3195,"comment_status":"closed","ping_status":"closed","sticky":false,"template":"","format":"standard","meta":{"_lmt_disableupdate":"no","_lmt_disable":"","cybocfi_hide_featured_image":"","footnotes":""},"categories":[5],"tags":[],"class_list":["post-3194","post","type-post","status-publish","format-standard","has-post-thumbnail","hentry","category-efni"],"modified_by":"G\u00d3","_links":{"self":[{"href":"https:\/\/hvest.is\/pl\/wp-json\/wp\/v2\/posts\/3194","targetHints":{"allow":["GET"]}}],"collection":[{"href":"https:\/\/hvest.is\/pl\/wp-json\/wp\/v2\/posts"}],"about":[{"href":"https:\/\/hvest.is\/pl\/wp-json\/wp\/v2\/types\/post"}],"author":[{"embeddable":true,"href":"https:\/\/hvest.is\/pl\/wp-json\/wp\/v2\/users\/3"}],"replies":[{"embeddable":true,"href":"https:\/\/hvest.is\/pl\/wp-json\/wp\/v2\/comments?post=3194"}],"version-history":[{"count":0,"href":"https:\/\/hvest.is\/pl\/wp-json\/wp\/v2\/posts\/3194\/revisions"}],"wp:featuredmedia":[{"embeddable":true,"href":"https:\/\/hvest.is\/pl\/wp-json\/wp\/v2\/media\/3195"}],"wp:attachment":[{"href":"https:\/\/hvest.is\/pl\/wp-json\/wp\/v2\/media?parent=3194"}],"wp:term":[{"taxonomy":"category","embeddable":true,"href":"https:\/\/hvest.is\/pl\/wp-json\/wp\/v2\/categories?post=3194"},{"taxonomy":"post_tag","embeddable":true,"href":"https:\/\/hvest.is\/pl\/wp-json\/wp\/v2\/tags?post=3194"}],"curies":[{"name":"wp","href":"https:\/\/api.w.org\/{rel}","templated":true}]}}