{"id":2773,"date":"2022-05-18T12:49:53","date_gmt":"2022-05-18T12:49:53","guid":{"rendered":"https:\/\/hvest.is\/?p=2773"},"modified":"2022-06-20T16:48:33","modified_gmt":"2022-06-20T16:48:33","slug":"sumaropnun-a-heilsugaeslustodvum-og-seljum","status":"publish","type":"post","link":"https:\/\/hvest.is\/pl\/sumaropnun-a-heilsugaeslustodvum-og-seljum\/","title":{"rendered":"Letnie otwarcie o\u015brodk\u00f3w zdrowia i sklep\u00f3w"},"content":{"rendered":"<p>W zwi\u0105zku z wakacyjnymi wakacjami lekarzy i pozosta\u0142ego personelu godziny otwarcia przychodni b\u0119d\u0105 nast\u0119puj\u0105ce:<\/p>\n\n\n\n<p>O\u015brodki zdrowia na <strong>Isafjordur<\/strong> oraz <strong>Patreksfj\u00f6r\u00f0ur <\/strong>s\u0105 otwarte w ka\u017cdy dzie\u0144 powszedni.<\/p>\n\n\n\n<p>Piecz\u0119\u0107 s\u0142u\u017cby zdrowia <strong>Su\u00f0ureyri<\/strong>, W <strong>Su\u00f0av\u00edk<\/strong> i dalej <strong>Flateyri<\/strong> b\u0119dzie nieczynny od 21 maja do 31 sierpnia.<\/p>\n\n\n\n<p>Piecz\u0119\u0107 s\u0142u\u017cby zdrowia <strong>\u00deingeyri<\/strong> b\u0119dzie czynna we wtorki o godz 09:00 \u2013 15:00.<\/p>\n\n\n\n<p>Piecz\u0119\u0107 s\u0142u\u017cby zdrowia <strong>Bolungarv\u00edk<\/strong> b\u0119dzie czynna w czwartki o godz 09:00-12:00.<\/p>\n\n\n\n<p>Piecz\u0119\u0107 s\u0142u\u017cby zdrowia <strong>T\u00e1lknafj\u00f6r\u00f0ur<\/strong> oraz <strong>B\u00edldudalur<\/strong> w miar\u0119 mo\u017cliwo\u015bci utrzymywa\u0107 regularne godziny pracy; T\u00e5lknafj\u00f6r\u00f0ur w czwartki od godz 10:00-12:00 i po po\u0142udniu w B\u00edldudal. <\/p>","protected":false},"excerpt":{"rendered":"<p>Ze wzgl\u0119du na letnie wakacje lekarzy i pozosta\u0142ego personelu godziny otwarcia o\u015brodk\u00f3w zdrowia b\u0119d\u0105 nast\u0119puj\u0105ce: O\u015brodki zdrowia w \u00cdsafj\u00f6r\u00f0ur i Patreksfj\u00f6r\u00f0ur s\u0105 otwarte w ka\u017cdy dzie\u0144 powszedni. Piecz\u0119cie s\u0142u\u017cby zdrowia w Su\u00f0ureyri, S\u00fa\u00f0av\u00edk i Flateyri <a href=\"https:\/\/hvest.is\/pl\/sumaropnun-a-heilsugaeslustodvum-og-seljum\/\">Wi\u0119cej &gt;<\/a><\/p>","protected":false},"author":3,"featured_media":0,"comment_status":"closed","ping_status":"closed","sticky":false,"template":"","format":"standard","meta":{"_lmt_disableupdate":"","_lmt_disable":"","cybocfi_hide_featured_image":"","footnotes":""},"categories":[5],"tags":[],"class_list":["post-2773","post","type-post","status-publish","format-standard","hentry","category-efni"],"modified_by":"G\u00d3","_links":{"self":[{"href":"https:\/\/hvest.is\/pl\/wp-json\/wp\/v2\/posts\/2773","targetHints":{"allow":["GET"]}}],"collection":[{"href":"https:\/\/hvest.is\/pl\/wp-json\/wp\/v2\/posts"}],"about":[{"href":"https:\/\/hvest.is\/pl\/wp-json\/wp\/v2\/types\/post"}],"author":[{"embeddable":true,"href":"https:\/\/hvest.is\/pl\/wp-json\/wp\/v2\/users\/3"}],"replies":[{"embeddable":true,"href":"https:\/\/hvest.is\/pl\/wp-json\/wp\/v2\/comments?post=2773"}],"version-history":[{"count":0,"href":"https:\/\/hvest.is\/pl\/wp-json\/wp\/v2\/posts\/2773\/revisions"}],"wp:attachment":[{"href":"https:\/\/hvest.is\/pl\/wp-json\/wp\/v2\/media?parent=2773"}],"wp:term":[{"taxonomy":"category","embeddable":true,"href":"https:\/\/hvest.is\/pl\/wp-json\/wp\/v2\/categories?post=2773"},{"taxonomy":"post_tag","embeddable":true,"href":"https:\/\/hvest.is\/pl\/wp-json\/wp\/v2\/tags?post=2773"}],"curies":[{"name":"wp","href":"https:\/\/api.w.org\/{rel}","templated":true}]}}