{"id":2669,"date":"2022-04-07T10:35:22","date_gmt":"2022-04-07T10:35:22","guid":{"rendered":"https:\/\/hvest.is\/?p=2669"},"modified":"2022-04-26T10:23:57","modified_gmt":"2022-04-26T10:23:57","slug":"merki-heilbrigdisstofnunar-vestfjarda-hlytur-gullverdlaun-fit","status":"publish","type":"post","link":"https:\/\/hvest.is\/pl\/merki-heilbrigdisstofnunar-vestfjarda-hlytur-gullverdlaun-fit\/","title":{"rendered":"Logo Fundacji Zdrowia Vestfj\u00f6r\u00f0ur zdobywa z\u0142ot\u0105 nagrod\u0119 F\u00cdT"},"content":{"rendered":"<p>Nagrodzono nowe logo Instytutu Zdrowia, zaprojektowane przez Sigur\u00f0ura Oddssona <a href=\"https:\/\/www.honnunarmidstod.is\/ha-frettir\/fit-keppnin-2022\">z\u0142oty medal Stowarzyszenia Ilustrator\u00f3w Islandzkich \u2013 F\u00cdT \u2013 w kategorii marka<\/a>. <\/p>\n\n\n\n<p><a href=\"https:\/\/hvest.is\/pl\/nytt-utlit-heilbrigdisstofnunar-vestfjarda-tilnefnt-til-tvennra-fit-verdlauna\/\" data-type=\"post\" data-id=\"2635\">Jak ju\u017c wcze\u015bniej powiedziano<\/a>, partytura jako ca\u0142o\u015b\u0107 r\u00f3wnie\u017c by\u0142a nominowana do nagrody. <\/p>\n\n\n\n<p><\/p>\n\n\n\n<p><\/p>\n\n\n\n<figure class=\"wp-block-image\"><img decoding=\"async\" src=\"https:\/\/images.prismic.io\/midstod-honnunar-og-arkitekturs\/a24d55a9-ce21-4828-90f3-c736eac37421_7345474641_1328.png?auto=compress,format\" alt=\"\"\/><\/figure>\n\n\n\n<div style=\"height:100px\" aria-hidden=\"true\" class=\"wp-block-spacer\"><\/div>\n\n\n\n<div class=\"wp-block-columns is-layout-flex wp-container-core-columns-is-layout-9d6595d7 wp-block-columns-is-layout-flex\">\n<div class=\"wp-block-column is-layout-flow wp-block-column-is-layout-flow\" style=\"flex-basis:25%\"><\/div>\n\n\n\n<div class=\"wp-block-column is-layout-flow wp-block-column-is-layout-flow\" style=\"flex-basis:50%\">\n<p><em>Z naszej relacji, gdy og\u0142oszono nominacje:<\/em><a href=\"https:\/\/siggiodds.com\/\"><br>Sigurd<\/a>&nbsp;wcze\u015bniej otrzyma\u0142 uznanie za swoj\u0105 prac\u0119. Na przyk\u0142ad wygra\u0142 wraz z rze\u017abiarzem Matthiasem R\u00fanarem Sigur\u00f0ssonem i projektantem 3D Gabr\u00edelem Benediktem Bachmannem&nbsp;<a href=\"https:\/\/www.honnunarmidstod.is\/ha-frettir\/sigurdur-oddsson-matthias-runar-sigurdsson-og-gabriel\">Islandzka nagroda za wzornictwo 2021<\/a>&nbsp;dla projektu Hjaltal\u00edn \u2013 \u221e. Potem wygra\u0142&nbsp;<a href=\"https:\/\/www.honnunarmidstod.is\/ha-frettir\/fit-keppnin-2021\">cztery nagrody w konkursie F\u00cdT 2021<\/a>&nbsp;i jeszcze inni&nbsp;<a href=\"https:\/\/www.visir.is\/g\/20191491707d\">2019<\/a>&nbsp;aby wymieni\u0107 tylko kilka.<\/p>\n\n\n\n<h3 class=\"wp-block-heading\">Zabawne i uspokajaj\u0105ce<\/h3>\n\n\n\n<p>\u201eDoceniam bardzo dobr\u0105 wsp\u00f3\u0142prac\u0119 z Gylf\u0105, Greipem i wszystkimi zaanga\u017cowanymi w przygotowanie i realizacj\u0119 projektu. Cz\u0119sto nie potrzeba wielu ludzi, aby robi\u0107 dobre rzeczy, gdy wszyscy wk\u0142adaj\u0105 wysi\u0142ek, i pomy\u015bla\u0142em, \u017ce ten proces jest tego bardzo dobrym przyk\u0142adem. Uznanie ze strony koleg\u00f3w z bran\u017cy jest zawsze zabawne i upewnia mnie, \u017ce jeste\u015bmy na dobrej drodze\u201d \u2013 m\u00f3wi Sigur\u00f0ur.<\/p>\n\n\n\n<h3 class=\"wp-block-heading\">Rada jest pi\u0119kna<\/h3>\n\n\n\n<p>\u201eOd dawna by\u0142o jasne, \u017ce jednolita organizacja wymaga jednolitego wygl\u0105du. Posiadanie tego wszystkiego na po\u0142udnie nie odzwierciedla\u0142o zjednoczonej organizacji, by\u0142o \u017ale dopasowane i by\u0142o po prostu drogie. Regularnie pojawiaj\u0105 si\u0119 pytania, na kt\u00f3re nale\u017cy odpowiedzie\u0107; jaki znak postawi\u0107 i jak oznaczy\u0107 ubrania i jak ma wygl\u0105da\u0107 strona internetowa i tak dalej wzd\u0142u\u017c ulic? Odpowiadanie na te pytania osobno jest znacznie dro\u017csze i bardziej czasoch\u0142onne ni\u017c zrobienie tego tylko raz i dobrze. Gdy zostanie to zrobione w jednym kawa\u0142ku, b\u0119dzie r\u00f3wnie\u017c niesamowicie pi\u0119kne i harmonijne\u201d \u2013 m\u00f3wi Gylfi \u00d3lafsson.<\/p>\n\n\n\n<p>\u201eCi\u0119\u017cko pracowali\u015bmy i po\u015bwi\u0119cili\u015bmy du\u017co czasu na przygotowania. Na przyk\u0142ad mieli\u015bmy zamkni\u0119t\u0105 preselekcj\u0119, w kt\u00f3rej uda\u0142o nam si\u0119 zapewni\u0107 skuteczno\u015b\u0107 w zaanga\u017cowaniu grafika. Nast\u0119pnie rozpocz\u0105\u0142 si\u0119 proces przygotowawczy, kt\u00f3ry mia\u0142 zdecydowa\u0107, jakiego rodzaju jeste\u015bmy organizacj\u0105 i jakie cele stawiamy sobie w naszej pracy\u201d \u2013 m\u00f3wi Gylfi.<\/p>\n\n\n\n<p>\u201ePowsta\u0142 wewn\u0119trzny zesp\u00f3\u0142 do obs\u0142ugi przygotowa\u0144. Greipur G\u00edslason doradza\u0142 zarz\u0105dowi i zespo\u0142owi w trakcie procesu. Szli\u015bmy raczej powoli, cz\u0119\u015bciowo po to, \u017ceby zaoszcz\u0119dzi\u0107 pieni\u0105dze. W \u017cadnym wypadku nie wdro\u017cyli\u015bmy tego wsz\u0119dzie, ale kiedy robimy co\u015b nowego lub odnawiamy, wiemy, jak to powinno wygl\u0105da\u0107\u201d.<\/p>\n\n\n\n<p><a href=\"https:\/\/hvest.is\/pl\/nytt-utlit-heilbrigdisstofnunar-vestfjarda\/\">Wi\u0119cej o wygl\u0105dzie mo\u017cna przeczyta\u0107 tutaj na stronie internetowej<\/a>.<\/p>\n<\/div>\n\n\n\n<div class=\"wp-block-column is-layout-flow wp-block-column-is-layout-flow\" style=\"flex-basis:25%\"><\/div>\n<\/div>\n\n\n\n<div class=\"wp-block-columns is-layout-flex wp-container-core-columns-is-layout-9d6595d7 wp-block-columns-is-layout-flex\">\n<div class=\"wp-block-column is-layout-flow wp-block-column-is-layout-flow\"><\/div>\n<\/div>","protected":false},"excerpt":{"rendered":"<p>Nowe logo Fundacji Zdrowia, zaprojektowane przez Sigur\u00f0ura Oddssona, otrzyma\u0142o ostatnio z\u0142oty medal od Stowarzyszenia Islandzkich Ilustrator\u00f3w \u2013 F\u00cdT \u2013 w kategorii logo korporacyjne. Jak wcze\u015bniej informowali\u015bmy, oznaczenie jako ca\u0142o\u015b\u0107 r\u00f3wnie\u017c zosta\u0142o nominowane <a href=\"https:\/\/hvest.is\/pl\/merki-heilbrigdisstofnunar-vestfjarda-hlytur-gullverdlaun-fit\/\">Wi\u0119cej &gt;<\/a><\/p>","protected":false},"author":3,"featured_media":2636,"comment_status":"closed","ping_status":"closed","sticky":false,"template":"","format":"standard","meta":{"_lmt_disableupdate":"no","_lmt_disable":"","cybocfi_hide_featured_image":"yes","footnotes":""},"categories":[5],"tags":[],"class_list":["post-2669","post","type-post","status-publish","format-standard","has-post-thumbnail","hentry","category-efni"],"modified_by":"G\u00d3","_links":{"self":[{"href":"https:\/\/hvest.is\/pl\/wp-json\/wp\/v2\/posts\/2669","targetHints":{"allow":["GET"]}}],"collection":[{"href":"https:\/\/hvest.is\/pl\/wp-json\/wp\/v2\/posts"}],"about":[{"href":"https:\/\/hvest.is\/pl\/wp-json\/wp\/v2\/types\/post"}],"author":[{"embeddable":true,"href":"https:\/\/hvest.is\/pl\/wp-json\/wp\/v2\/users\/3"}],"replies":[{"embeddable":true,"href":"https:\/\/hvest.is\/pl\/wp-json\/wp\/v2\/comments?post=2669"}],"version-history":[{"count":0,"href":"https:\/\/hvest.is\/pl\/wp-json\/wp\/v2\/posts\/2669\/revisions"}],"wp:featuredmedia":[{"embeddable":true,"href":"https:\/\/hvest.is\/pl\/wp-json\/wp\/v2\/media\/2636"}],"wp:attachment":[{"href":"https:\/\/hvest.is\/pl\/wp-json\/wp\/v2\/media?parent=2669"}],"wp:term":[{"taxonomy":"category","embeddable":true,"href":"https:\/\/hvest.is\/pl\/wp-json\/wp\/v2\/categories?post=2669"},{"taxonomy":"post_tag","embeddable":true,"href":"https:\/\/hvest.is\/pl\/wp-json\/wp\/v2\/tags?post=2669"}],"curies":[{"name":"wp","href":"https:\/\/api.w.org\/{rel}","templated":true}]}}