{"id":2335,"date":"2022-02-11T11:36:29","date_gmt":"2022-02-11T11:36:29","guid":{"rendered":"https:\/\/hvest.is\/?p=2335"},"modified":"2022-02-24T15:49:56","modified_gmt":"2022-02-24T15:49:56","slug":"sumarafleysingar-lausar-til-umsokna","status":"publish","type":"post","link":"https:\/\/hvest.is\/pl\/sumarafleysingar-lausar-til-umsokna\/","title":{"rendered":"Letnie oferty pracy zast\u0119pczej otwarte dla aplikacji"},"content":{"rendered":"<p>Wraz ze wschodz\u0105cym s\u0142o\u0144cem nadchodzi wiosna, a teraz w Instytucie Zdrowia Vestfj\u00f6r\u00f0ur og\u0142aszamy rekrutacj\u0119 personelu letniego.<\/p>\n\n\n\n<p>Potrzebujemy letniego zast\u0119pstwa na r\u00f3\u017cne stanowiska we wszystkich czterech zak\u0142adach. Poszukujemy os\u00f3b do pracy w opiece we wszystkich plac\u00f3wkach, piel\u0119gniarek zar\u00f3wno w \u00cdsafj\u00f6r\u00f0ur, jak i Patreksfj\u00f6r\u00f0ur, po\u0142o\u017cnych, ratownik\u00f3w medycznych we wszystkich plac\u00f3wkach, sprz\u0105taczek w \u00cdsafj\u00f6r\u00f0ur, kierownik\u00f3w operacyjnych w Patreksfj\u00f6r\u00f0ur oraz recepcjonistek w \u00cdsafj\u00f6r\u00f0ur i Patreksfj\u00f6r\u00f0ur. Wci\u0105\u017c jest kilka og\u0142osze\u0144 do dodania, wi\u0119c dobrze jest mie\u0107 oko na wolne miejsca tutaj na stronie.<\/p>\n\n\n\n<div class=\"wp-block-columns has-krem-color has-graenn-background-color has-text-color has-background is-layout-flex wp-container-core-columns-is-layout-9d6595d7 wp-block-columns-is-layout-flex\">\n<div class=\"wp-block-column is-layout-flow wp-block-column-is-layout-flow\">\n<figure class=\"wp-block-image size-large is-resized\"><img decoding=\"async\" src=\"https:\/\/hvest.is\/wp-content\/uploads\/2022\/02\/GA7E5569-1024x682.jpg\" alt=\"\" class=\"wp-image-2336\" width=\"429\" height=\"285\" srcset=\"https:\/\/hvest.is\/wp-content\/uploads\/2022\/02\/GA7E5569-200x133.jpg 200w, https:\/\/hvest.is\/wp-content\/uploads\/2022\/02\/GA7E5569-300x200.jpg 300w, https:\/\/hvest.is\/wp-content\/uploads\/2022\/02\/GA7E5569-400x267.jpg 400w, https:\/\/hvest.is\/wp-content\/uploads\/2022\/02\/GA7E5569-600x400.jpg 600w, https:\/\/hvest.is\/wp-content\/uploads\/2022\/02\/GA7E5569-768x512.jpg 768w, https:\/\/hvest.is\/wp-content\/uploads\/2022\/02\/GA7E5569-800x533.jpg 800w, https:\/\/hvest.is\/wp-content\/uploads\/2022\/02\/GA7E5569-1024x682.jpg 1024w, https:\/\/hvest.is\/wp-content\/uploads\/2022\/02\/GA7E5569-1200x800.jpg 1200w, https:\/\/hvest.is\/wp-content\/uploads\/2022\/02\/GA7E5569.jpg 1280w\" sizes=\"(max-width: 429px) 100vw, 429px\" \/><\/figure>\n<\/div>\n\n\n\n<div class=\"wp-block-column is-layout-flow wp-block-column-is-layout-flow\">\n<h2 class=\"wp-block-heading\" id=\"menntaskola-og-haskolanemar-velkomnir\">Mile widziani gimnazjali\u015bci i studenci<\/h2>\n\n\n\n<p>Mile widziani uczniowie szk\u00f3\u0142 ponadgimnazjalnych. System opieki zdrowotnej jest zr\u00f3\u017cnicowany i ekscytuj\u0105cy, a zdobycie do\u015bwiadczenia zawodowego jest nieocenione, aby pozna\u0107 r\u00f3\u017cne zawody, a tym samym m\u00f3c podejmowa\u0107 lepsze decyzje dotycz\u0105ce wyboru studi\u00f3w i kariery.<\/p>\n\n\n\n<p>Wielu student\u00f3w uniwersytet\u00f3w, zar\u00f3wno na kierunkach zdrowotnych, jak i innych, przyje\u017cd\u017ca rok po roku.<\/p>\n<\/div>\n<\/div>\n\n\n\n<h2 class=\"wp-block-heading\" id=\"einnig-laus-otimabundin-storf\">Otw\u00f3rz tak\u017ce oferty pracy tymczasowej<\/h2>\n\n\n\n<p>Pod <a href=\"https:\/\/hvest.is\/pl\/laus-storf\/\" data-type=\"page\" data-id=\"139\">dost\u0119pne prace<\/a> to tak\u017ce og\u0142oszenia dotycz\u0105ce przysz\u0142ych zawod\u00f3w dla psycholog\u00f3w, piel\u0119gniarek i ratownik\u00f3w medycznych.<\/p>\n\n\n\n<p>Ponadto cz\u0119sto zdarza si\u0119, \u017ce osoby, kt\u00f3re pojawiaj\u0105 si\u0119 w zast\u0119pstwie, zostaj\u0105 d\u0142u\u017cej i staj\u0105 si\u0119 przysz\u0142ymi gwiazdami.<\/p>\n\n\n\n<p>Nale\u017cy pami\u0119ta\u0107, \u017ce rejestracja i z\u0142o\u017cenie aplikacji og\u00f3lnej jest mo\u017cliwe, ale odbywa si\u0119 to w tym samym miejscu lub w ramach wakat\u00f3w.<\/p>\n\n\n\n<hr class=\"wp-block-separator has-text-color has-background has-graenn-background-color has-graenn-color is-style-dots\"\/>\n\n\n\n<h2 class=\"wp-block-heading\" id=\"laus-storf\">Oferty pracy<\/h2>\n\n\n\n<div class=\"wp-block-query is-layout-flow wp-block-query-is-layout-flow\"><ul class=\"is-flex-container columns-2 wp-block-post-template is-layout-flow wp-block-post-template-is-layout-flow\"><li class=\"wp-block-post post-4277 laus_storf type-laus_storf status-publish hentry\">\n<h3 class=\"wp-block-post-title\"><a href=\"https:\/\/hvest.is\/pl\/laus_storf\/yfirmatradur-a-bergi-i-bolungarvik\/\" target=\"_self\" >Ruch napowietrzny na Berg w Bolungarv\u00edk<\/a><\/h3>\n\n<div class=\"wp-block-post-excerpt\"><p class=\"wp-block-post-excerpt__excerpt\">Jednostka pracy: Dzia\u0142 Piel\u0119gniarski Bolungarv\u00edk, 415 Bolungarv\u00edk Termin sk\u0142adania wniosk\u00f3w: od 01.04.2026 do 04.05.2026. Tempo pracy: 60%<\/p><p class=\"wp-block-post-excerpt__more-text\"><a class=\"wp-block-post-excerpt__more-link\" href=\"https:\/\/hvest.is\/pl\/laus_storf\/yfirmatradur-a-bergi-i-bolungarvik\/\">Przyjrzyj si\u0119 bli\u017cej<\/a><\/p><\/div>\n<\/li><li class=\"wp-block-post post-4057 laus_storf type-laus_storf status-publish hentry\">\n<h3 class=\"wp-block-post-title\"><a href=\"https:\/\/hvest.is\/pl\/laus_storf\/starfsfolk-i-adhlynningu-oskast-til-starfa-a-patreksfirdi\/\" target=\"_self\" >Pracownicy opieki chcieli pracowa\u0107 w Patreksfj\u00f6r\u00f0ur<\/a><\/h3>\n\n<div class=\"wp-block-post-excerpt\"><p class=\"wp-block-post-excerpt__excerpt\">Westfjords Health Institute w Patreksfj\u00f6r\u00f0ur poszukuje pracownik\u00f3w na stanowisko 70-100% w opiece. G\u0142\u00f3wne zadania i obowi\u0105zki Opieka i inne zadania dodatkowe. Jest to idealne stanowisko dla os\u00f3b, kt\u00f3re Wi\u0119cej \u203a<\/p><p class=\"wp-block-post-excerpt__more-text\"><a class=\"wp-block-post-excerpt__more-link\" href=\"https:\/\/hvest.is\/pl\/laus_storf\/starfsfolk-i-adhlynningu-oskast-til-starfa-a-patreksfirdi\/\">Przyjrzyj si\u0119 bli\u017cej<\/a><\/p><\/div>\n<\/li><li class=\"wp-block-post post-4055 laus_storf type-laus_storf status-publish hentry\">\n<h3 class=\"wp-block-post-title\"><a href=\"https:\/\/hvest.is\/pl\/laus_storf\/hjukrunarfraedingur-a-sjukradeild-a-isafirdi-6\/\" target=\"_self\" >Piel\u0119gniarka w szpitalu w \u00cdsafj\u00f6r\u00f0ur<\/a><\/h3>\n\n<div class=\"wp-block-post-excerpt\"><p class=\"wp-block-post-excerpt__excerpt\">Westfjords Health Institute poszukuje piel\u0119gniarki do pracy na oddziale szpitalnym w \u00cdsafj\u00f6r\u00f0ur. Jest to stanowisko 80-100% w systemie zmianowym. Westfjords Health Institute to ambitne miejsce pracy z oko\u0142o 270 Wi\u0119cej \u203a<\/p><p class=\"wp-block-post-excerpt__more-text\"><a class=\"wp-block-post-excerpt__more-link\" href=\"https:\/\/hvest.is\/pl\/laus_storf\/hjukrunarfraedingur-a-sjukradeild-a-isafirdi-6\/\">Przyjrzyj si\u0119 bli\u017cej<\/a><\/p><\/div>\n<\/li><li class=\"wp-block-post post-4053 laus_storf type-laus_storf status-publish hentry\">\n<h3 class=\"wp-block-post-title\"><a href=\"https:\/\/hvest.is\/pl\/laus_storf\/sjukralidi-oskast-til-starfa-a-sjukradeild-a-isafirdi-3\/\" target=\"_self\" >Poszukujemy ratownik\u00f3w medycznych do pracy w Oddziale Medycznym w \u00cdsafj\u00f6r\u00f0ur<\/a><\/h3>\n\n<div class=\"wp-block-post-excerpt\"><p class=\"wp-block-post-excerpt__excerpt\">Westfjords Health Institute w \u00cdsafj\u00f6r\u00f0ur poszukuje ratownik\u00f3w medycznych na stanowisko 70-100% lub na podstawie umowy. Zatrudnienie nast\u0105pi od 1 wrze\u015bnia 2025 r. lub na podstawie umowy. Westfjords Health Institute zatrudnia ponad 270 Wi\u0119cej \u203a<\/p><p class=\"wp-block-post-excerpt__more-text\"><a class=\"wp-block-post-excerpt__more-link\" href=\"https:\/\/hvest.is\/pl\/laus_storf\/sjukralidi-oskast-til-starfa-a-sjukradeild-a-isafirdi-3\/\">Przyjrzyj si\u0119 bli\u017cej<\/a><\/p><\/div>\n<\/li><\/ul><\/div>","protected":false},"excerpt":{"rendered":"<p>Wraz ze wschodz\u0105cym s\u0142o\u0144cem nadchodzi wiosna, a teraz w Instytucie Zdrowia Vestfj\u00f6r\u00f0ur og\u0142aszamy rekrutacj\u0119 personelu letniego. Potrzebujemy letniego zast\u0119pstwa na r\u00f3\u017cne stanowiska we wszystkich czterech zak\u0142adach. <a href=\"https:\/\/hvest.is\/pl\/sumarafleysingar-lausar-til-umsokna\/\">Wi\u0119cej &gt;<\/a><\/p>","protected":false},"author":3,"featured_media":0,"comment_status":"closed","ping_status":"closed","sticky":false,"template":"","format":"standard","meta":{"_lmt_disableupdate":"no","_lmt_disable":"","cybocfi_hide_featured_image":"","footnotes":""},"categories":[5],"tags":[],"class_list":["post-2335","post","type-post","status-publish","format-standard","hentry","category-efni"],"modified_by":"G\u00d3","_links":{"self":[{"href":"https:\/\/hvest.is\/pl\/wp-json\/wp\/v2\/posts\/2335","targetHints":{"allow":["GET"]}}],"collection":[{"href":"https:\/\/hvest.is\/pl\/wp-json\/wp\/v2\/posts"}],"about":[{"href":"https:\/\/hvest.is\/pl\/wp-json\/wp\/v2\/types\/post"}],"author":[{"embeddable":true,"href":"https:\/\/hvest.is\/pl\/wp-json\/wp\/v2\/users\/3"}],"replies":[{"embeddable":true,"href":"https:\/\/hvest.is\/pl\/wp-json\/wp\/v2\/comments?post=2335"}],"version-history":[{"count":0,"href":"https:\/\/hvest.is\/pl\/wp-json\/wp\/v2\/posts\/2335\/revisions"}],"wp:attachment":[{"href":"https:\/\/hvest.is\/pl\/wp-json\/wp\/v2\/media?parent=2335"}],"wp:term":[{"taxonomy":"category","embeddable":true,"href":"https:\/\/hvest.is\/pl\/wp-json\/wp\/v2\/categories?post=2335"},{"taxonomy":"post_tag","embeddable":true,"href":"https:\/\/hvest.is\/pl\/wp-json\/wp\/v2\/tags?post=2335"}],"curies":[{"name":"wp","href":"https:\/\/api.w.org\/{rel}","templated":true}]}}