{"id":2286,"date":"2022-02-01T15:55:13","date_gmt":"2022-02-01T15:55:13","guid":{"rendered":"https:\/\/hvest.is\/?p=2286"},"modified":"2022-02-06T11:43:58","modified_gmt":"2022-02-06T11:43:58","slug":"bolusetningar-a-isafirdi-og-thingeyri-vikuna-31-januar-4-februa","status":"publish","type":"post","link":"https:\/\/hvest.is\/pl\/bolusetningar-a-isafirdi-og-thingeyri-vikuna-31-januar-4-februa\/","title":{"rendered":"Szczepienia w \u00cdsafj\u00f6r\u00f0ur i \u00deingeyri w tygodniu 31-4 stycznia. luty"},"content":{"rendered":"<p><br><strong>Szczepienia dzieci w wieku 5-12 lat<\/strong><\/p>\n\n\n\n<p>Pomi\u0119dzy pierwszym a drugim zastrzykiem up\u0142yn\u0105 3 tygodnie, a po up\u0142ywie 3 tygodni wszyscy otrzymaj\u0105 zaproszenie.<br>\u015aroda, 2 lutego: Drugie szczepienie dzieci w wieku 5 11 lat. Rodzice otrzymuj\u0105 zaproszenie SMS-em. Po po\u0142udniu szczepienie w \u00cdsafj\u00f6r\u00f0ur.<br>Czwartek, 3 lutego: Drugie szczepienie dzieci w wieku 5-11 lat. Rodzice otrzymuj\u0105 zaproszenie SMS-em. Szczepienia w \u00cdsafj\u00f6r\u00f0ur i \u00deingeyri po po\u0142udniu.<br>Rodzice, kt\u00f3rzy maj\u0105 dzieci w wieku 5-11 lat i kt\u00f3re nie by\u0142y szczepione, mog\u0105 przyprowadzi\u0107 swoje dzieci w \u015brod\u0119 2 lutego lub w czwartek 3 lutego w godzinach 13:00-14:00.<\/p>\n\n\n\n<p><strong>Szczepienia przypominaj\u0105ce od 16 roku \u017cycia<\/strong><\/p>\n\n\n\n<p>czwartek, 3 lutego o godz 10:00\u201311:30. Osoby, kt\u00f3re przyby\u0142y na czas i nie otrzyma\u0142y wcze\u015bniej zaproszenia, otrzymaj\u0105 zaproszenie SMS-em. Osoby, kt\u00f3re otrzyma\u0142y ju\u017c zaproszenie i chc\u0105 z niego skorzysta\u0107 teraz, zapraszamy w godzinach 10:30-11:30.<\/p>","protected":false},"excerpt":{"rendered":"<p>Szczepienia dzieci w wieku 5\u201312 lat Mi\u0119dzy pierwszym a drugim zastrzykiem up\u0142yn\u0105 3 tygodnie i po up\u0142ywie 3 tygodni wszyscy otrzymaj\u0105 zaproszenie \u015aroda, 2 lutego: Drugie szczepienie dzieci 5 11 <a href=\"https:\/\/hvest.is\/pl\/bolusetningar-a-isafirdi-og-thingeyri-vikuna-31-januar-4-februa\/\">Wi\u0119cej &gt;<\/a><\/p>","protected":false},"author":3,"featured_media":0,"comment_status":"closed","ping_status":"closed","sticky":false,"template":"","format":"standard","meta":{"_lmt_disableupdate":"no","_lmt_disable":"","cybocfi_hide_featured_image":"","footnotes":""},"categories":[15,5],"tags":[],"class_list":["post-2286","post","type-post","status-publish","format-standard","hentry","category-covid","category-efni"],"modified_by":"G\u00d3","_links":{"self":[{"href":"https:\/\/hvest.is\/pl\/wp-json\/wp\/v2\/posts\/2286","targetHints":{"allow":["GET"]}}],"collection":[{"href":"https:\/\/hvest.is\/pl\/wp-json\/wp\/v2\/posts"}],"about":[{"href":"https:\/\/hvest.is\/pl\/wp-json\/wp\/v2\/types\/post"}],"author":[{"embeddable":true,"href":"https:\/\/hvest.is\/pl\/wp-json\/wp\/v2\/users\/3"}],"replies":[{"embeddable":true,"href":"https:\/\/hvest.is\/pl\/wp-json\/wp\/v2\/comments?post=2286"}],"version-history":[{"count":0,"href":"https:\/\/hvest.is\/pl\/wp-json\/wp\/v2\/posts\/2286\/revisions"}],"wp:attachment":[{"href":"https:\/\/hvest.is\/pl\/wp-json\/wp\/v2\/media?parent=2286"}],"wp:term":[{"taxonomy":"category","embeddable":true,"href":"https:\/\/hvest.is\/pl\/wp-json\/wp\/v2\/categories?post=2286"},{"taxonomy":"post_tag","embeddable":true,"href":"https:\/\/hvest.is\/pl\/wp-json\/wp\/v2\/tags?post=2286"}],"curies":[{"name":"wp","href":"https:\/\/api.w.org\/{rel}","templated":true}]}}