{"id":1992,"date":"2021-12-16T16:46:16","date_gmt":"2021-12-16T16:46:16","guid":{"rendered":"https:\/\/hvest.is\/?p=1992"},"modified":"2021-12-20T09:55:04","modified_gmt":"2021-12-20T09:55:04","slug":"stadan-a-covid-19","status":"publish","type":"post","link":"https:\/\/hvest.is\/pl\/stadan-a-covid-19\/","title":{"rendered":"Sytuacja Covid-19"},"content":{"rendered":"<p>Szczepienia posz\u0142y dobrze w ostatnich tygodniach. Zaprosili\u015bmy sporo os\u00f3b na szczepienia przypominaj\u0105ce i frekwencja dopisa\u0142a. <\/p>\n\n\n\n<p>Nast\u0119pnie szczepimy 6 stycznia Pfizerem.<\/p>\n\n\n\n<p>Szczepienia dla dzieci w wieku 5-11 lat odb\u0119d\u0105 si\u0119 w wieku 10-14 lat. stycznia i zostanie wprowadzony p\u00f3\u017aniej. Obie prace s\u0105 wykonywane na poziomie krajowym podczas przygotowywania og\u0142osze\u0144 oraz z administratorami szk\u00f3\u0142.<\/p>\n\n\n\n<h2 class=\"wp-block-heading\"><strong>Szybki test<\/strong><\/h2>\n\n\n\n<p>Szybki test mo\u017cna zam\u00f3wi\u0107 w Heilsuvera w \u00cdsafj\u00f6r\u00f0ur i Patreksfj\u00f6r\u00f0ur we wszystkie dni robocze. W \u00cdsafj\u00f6r\u00f0ur szybkie testy s\u0105 wykonywane w jadalni pracowniczej na 1. pi\u0119trze, do kt\u00f3rej wchodzi si\u0119 g\u0142\u00f3wnym wej\u015bciem, natomiast w Patreksfj\u00f6r\u00f0ur w o\u015brodku zdrowia.<\/p>\n\n\n\n<p>Ponadto w o\u015brodku zdrowia w \u00deingeyri w Bo\u017ce Narodzenie o godz 10:00\u201311:00 oraz w Bolungarv\u00edku w \u00deorl\u00e1ksmessa od 14:00 do 15:00 w Sali Zgromadze\u0144 (najwy\u017csze pi\u0119tro Bia\u0142ego Domu). Te szybkie testy nie musz\u0105 by\u0107 rezerwowane osobno.<\/p>\n\n\n\n<p><em>Termin szybkiego testu w \u00deingeyri zosta\u0142 zaktualizowany 20 grudnia, poniewa\u017c zosta\u0142 napisany nieprawid\u0142owo. Przepraszam. <\/em><\/p>\n\n\n\n<p><\/p>","protected":false},"excerpt":{"rendered":"<p>Szczepienia posz\u0142y dobrze w ostatnich tygodniach. Zaprosili\u015bmy sporo os\u00f3b na szczepienia przypominaj\u0105ce i frekwencja dopisa\u0142a. Nast\u0119pnie szczepimy 6 stycznia Pfizerem. Szczepienia dla dzieci w wieku 5-11 lat odb\u0119d\u0105 si\u0119 w wieku 10-14 lat. <a href=\"https:\/\/hvest.is\/pl\/stadan-a-covid-19\/\">Wi\u0119cej &gt;<\/a><\/p>","protected":false},"author":1,"featured_media":0,"comment_status":"closed","ping_status":"closed","sticky":false,"template":"","format":"standard","meta":{"_lmt_disableupdate":"no","_lmt_disable":"","cybocfi_hide_featured_image":"","footnotes":""},"categories":[15,5],"tags":[],"class_list":["post-1992","post","type-post","status-publish","format-standard","hentry","category-covid","category-efni"],"modified_by":"Ritstj.","_links":{"self":[{"href":"https:\/\/hvest.is\/pl\/wp-json\/wp\/v2\/posts\/1992","targetHints":{"allow":["GET"]}}],"collection":[{"href":"https:\/\/hvest.is\/pl\/wp-json\/wp\/v2\/posts"}],"about":[{"href":"https:\/\/hvest.is\/pl\/wp-json\/wp\/v2\/types\/post"}],"author":[{"embeddable":true,"href":"https:\/\/hvest.is\/pl\/wp-json\/wp\/v2\/users\/1"}],"replies":[{"embeddable":true,"href":"https:\/\/hvest.is\/pl\/wp-json\/wp\/v2\/comments?post=1992"}],"version-history":[{"count":0,"href":"https:\/\/hvest.is\/pl\/wp-json\/wp\/v2\/posts\/1992\/revisions"}],"wp:attachment":[{"href":"https:\/\/hvest.is\/pl\/wp-json\/wp\/v2\/media?parent=1992"}],"wp:term":[{"taxonomy":"category","embeddable":true,"href":"https:\/\/hvest.is\/pl\/wp-json\/wp\/v2\/categories?post=1992"},{"taxonomy":"post_tag","embeddable":true,"href":"https:\/\/hvest.is\/pl\/wp-json\/wp\/v2\/tags?post=1992"}],"curies":[{"name":"wp","href":"https:\/\/api.w.org\/{rel}","templated":true}]}}