{"id":1893,"date":"2021-12-14T13:33:48","date_gmt":"2021-12-14T13:33:48","guid":{"rendered":"https:\/\/nytt.hvest.is\/?p=1893"},"modified":"2021-12-21T16:39:17","modified_gmt":"2021-12-21T16:39:17","slug":"nytt-utlit-heilbrigdisstofnunar-vestfjarda","status":"publish","type":"post","link":"https:\/\/hvest.is\/pl\/nytt-utlit-heilbrigdisstofnunar-vestfjarda\/","title":{"rendered":"Nowy wygl\u0105d Instytutu Zdrowia Vestfj\u00f6r\u00f0ur"},"content":{"rendered":"<p><\/p>\n\n\n\n<p>Instytut Zdrowia Vestfj\u00f6r\u00f0ur powsta\u0142 w obecnej formie w 2014 roku z po\u0142\u0105czenia \u00f3wczesnego Instytutu Zdrowia Vestfj\u00f6r\u00f0ur i Instytutu Zdrowia Patreksfj\u00f6r\u00f0ur. Fuzje odbywa\u0142y si\u0119 ju\u017c nieregularnie w poprzednich dziesi\u0119cioleciach. Pocz\u0105tkowo nie by\u0142o potrzeby ani technicznych przes\u0142anek posiadania specjalnego logo dla tego typu dzia\u0142alno\u015bci, ale w drugiej po\u0142owie XX wieku zacz\u0119\u0142o to zyskiwa\u0107 na popularno\u015bci. <\/p>\n\n\n\n<div class=\"wp-block-columns has-white-background-color has-background is-layout-flex wp-container-core-columns-is-layout-9d6595d7 wp-block-columns-is-layout-flex\">\n<div class=\"wp-block-column is-layout-flow wp-block-column-is-layout-flow\">\n<figure class=\"wp-block-image size-full is-resized\"><img decoding=\"async\" src=\"https:\/\/hvest.is\/wp-content\/uploads\/2021\/12\/image-9.png\" alt=\"\" class=\"wp-image-1542\" width=\"390\" height=\"401\" srcset=\"https:\/\/hvest.is\/wp-content\/uploads\/2021\/12\/image-9-200x206.png 200w, https:\/\/hvest.is\/wp-content\/uploads\/2021\/12\/image-9-292x300.png 292w, https:\/\/hvest.is\/wp-content\/uploads\/2021\/12\/image-9-400x412.png 400w, https:\/\/hvest.is\/wp-content\/uploads\/2021\/12\/image-9.png 520w\" sizes=\"(max-width: 390px) 100vw, 390px\" \/><figcaption>Logo szpitala Fj\u00f6r\u00f0ur w \u00cdsafj\u00f6r\u00f0ur i Centrum Zdrowia w \u00cdsafj\u00f6r\u00f0ur<\/figcaption><\/figure>\n<\/div>\n\n\n\n<div class=\"wp-block-column is-layout-flow wp-block-column-is-layout-flow\">\n<figure class=\"wp-block-image size-full\"><img decoding=\"async\" width=\"560\" height=\"390\" src=\"https:\/\/hvest.is\/wp-content\/uploads\/2021\/12\/image-6.png\" alt=\"\" class=\"wp-image-1539\" srcset=\"https:\/\/hvest.is\/wp-content\/uploads\/2021\/12\/image-6-200x139.png 200w, https:\/\/hvest.is\/wp-content\/uploads\/2021\/12\/image-6-300x209.png 300w, https:\/\/hvest.is\/wp-content\/uploads\/2021\/12\/image-6-400x279.png 400w, https:\/\/hvest.is\/wp-content\/uploads\/2021\/12\/image-6.png 560w\" sizes=\"(max-width: 560px) 100vw, 560px\" \/><figcaption> Logo Fundacji Zdrowia Patreksfj\u00f6r\u00f0ur<\/figcaption><\/figure>\n<\/div>\n<\/div>\n\n\n\n<div style=\"height:100px\" aria-hidden=\"true\" class=\"wp-block-spacer\"><\/div>\n\n\n\n<div class=\"wp-block-columns is-layout-flex wp-container-core-columns-is-layout-9d6595d7 wp-block-columns-is-layout-flex\">\n<div class=\"wp-block-column has-white-background-color has-background is-layout-flow wp-block-column-is-layout-flow\" style=\"flex-basis:66.66%\">\n<figure class=\"wp-block-image size-full\"><img decoding=\"async\" width=\"858\" height=\"165\" src=\"https:\/\/hvest.is\/wp-content\/uploads\/2021\/12\/image-7.png\" alt=\"\" class=\"wp-image-1540\" srcset=\"https:\/\/hvest.is\/wp-content\/uploads\/2021\/12\/image-7-200x38.png 200w, https:\/\/hvest.is\/wp-content\/uploads\/2021\/12\/image-7-300x58.png 300w, https:\/\/hvest.is\/wp-content\/uploads\/2021\/12\/image-7-400x77.png 400w, https:\/\/hvest.is\/wp-content\/uploads\/2021\/12\/image-7-600x115.png 600w, https:\/\/hvest.is\/wp-content\/uploads\/2021\/12\/image-7-768x148.png 768w, https:\/\/hvest.is\/wp-content\/uploads\/2021\/12\/image-7-800x154.png 800w, https:\/\/hvest.is\/wp-content\/uploads\/2021\/12\/image-7.png 858w\" sizes=\"(max-width: 858px) 100vw, 858px\" \/><figcaption>Logo Instytutu Zdrowia \u00cdsafjar\u00f0arb\u00e6r, kt\u00f3ry powsta\u0142 w 1998 roku, wkr\u00f3tce po otwarciu Vestfjar\u00f0ag\u00e4ng<\/figcaption><\/figure>\n<\/div>\n\n\n\n<div class=\"wp-block-column has-white-background-color has-background is-layout-flow wp-block-column-is-layout-flow\" style=\"flex-basis:33.33%\">\n<figure class=\"wp-block-image size-full\"><img decoding=\"async\" width=\"392\" height=\"211\" src=\"https:\/\/hvest.is\/wp-content\/uploads\/2021\/12\/image-10.png\" alt=\"\" class=\"wp-image-1543\" srcset=\"https:\/\/hvest.is\/wp-content\/uploads\/2021\/12\/image-10-200x108.png 200w, https:\/\/hvest.is\/wp-content\/uploads\/2021\/12\/image-10-300x161.png 300w, https:\/\/hvest.is\/wp-content\/uploads\/2021\/12\/image-10.png 392w\" sizes=\"(max-width: 392px) 100vw, 392px\" \/><figcaption>Instytut Zdrowia Bolungarv\u00edk powsta\u0142 w 1997 roku z po\u0142\u0105czenia Szpitala i Kliniki. Agencja u\u017cy\u0142a tej czerwonej flagi<\/figcaption><\/figure>\n<\/div>\n<\/div>\n\n\n\n<div style=\"height:100px\" aria-hidden=\"true\" class=\"wp-block-spacer\"><\/div>\n\n\n\n<div class=\"wp-block-columns is-layout-flex wp-container-core-columns-is-layout-9d6595d7 wp-block-columns-is-layout-flex\">\n<div class=\"wp-block-column has-white-background-color has-background is-layout-flow wp-block-column-is-layout-flow\">\n<figure class=\"wp-block-image size-full\"><img decoding=\"async\" width=\"826\" height=\"459\" src=\"https:\/\/hvest.is\/wp-content\/uploads\/2021\/12\/image-8.png\" alt=\"\" class=\"wp-image-1541\" srcset=\"https:\/\/hvest.is\/wp-content\/uploads\/2021\/12\/image-8-200x111.png 200w, https:\/\/hvest.is\/wp-content\/uploads\/2021\/12\/image-8-300x167.png 300w, https:\/\/hvest.is\/wp-content\/uploads\/2021\/12\/image-8-400x222.png 400w, https:\/\/hvest.is\/wp-content\/uploads\/2021\/12\/image-8-600x333.png 600w, https:\/\/hvest.is\/wp-content\/uploads\/2021\/12\/image-8-768x427.png 768w, https:\/\/hvest.is\/wp-content\/uploads\/2021\/12\/image-8-800x445.png 800w, https:\/\/hvest.is\/wp-content\/uploads\/2021\/12\/image-8.png 826w\" sizes=\"(max-width: 826px) 100vw, 826px\" \/><figcaption>Dwie wersje logo Fundacji Zdrowia Vestfj\u00f6r\u00f0ur, kt\u00f3re po raz pierwszy powsta\u0142o w 2009 roku w wyniku po\u0142\u0105czenia \u00cdsafj\u00f6r\u00f0ur i Bolungarv\u00edk i zachowa\u0142o nazw\u0119 po dodaniu Patreksfj\u00f6r\u00f0ur w 2014 roku.<\/figcaption><\/figure>\n<\/div>\n<\/div>\n\n\n\n<p>Logo, kt\u00f3re by\u0142o u\u017cywane w ostatnich latach, nie jest logo samo w sobie, ale nazw\u0105 organizacji zapisan\u0105 okre\u015blon\u0105 czcionk\u0105 w okre\u015blonym czerwonym kolorze. To nigdy nie mia\u0142o by\u0107 trwa\u0142ym rozwi\u0105zaniem to\u017csamo\u015bci agencji, chocia\u017c tak si\u0119 sta\u0142o.<\/p>\n\n\n\n<p>We wsp\u00f3\u0142czesnym spo\u0142ecze\u0144stwie jest to wr\u0119cz niemo\u017cliwe. Dzia\u0142a to s\u0142abo na ekranach komputer\u00f3w, jest ma\u0142e i niezapomniane. Wi\u0119cej, niezwi\u0105zanych z logo, nie dzia\u0142a\u0142o: odzie\u017c personelu, szyldy zewn\u0119trzne, szyldy wewn\u0119trzne, strona g\u0142\u00f3wna, tabliczki pracownicze i wiele innych.<\/p>\n\n\n\n<div class=\"wp-block-image\"><figure class=\"alignright size-full is-resized\"><img decoding=\"async\" src=\"https:\/\/hvest.is\/wp-content\/uploads\/2021\/12\/image-11.png\" alt=\"\" class=\"wp-image-1544\" width=\"600\" srcset=\"https:\/\/hvest.is\/wp-content\/uploads\/2021\/12\/image-11-200x112.png 200w, https:\/\/hvest.is\/wp-content\/uploads\/2021\/12\/image-11-300x169.png 300w, https:\/\/hvest.is\/wp-content\/uploads\/2021\/12\/image-11-400x225.png 400w, https:\/\/hvest.is\/wp-content\/uploads\/2021\/12\/image-11-600x337.png 600w, https:\/\/hvest.is\/wp-content\/uploads\/2021\/12\/image-11-768x432.png 768w, https:\/\/hvest.is\/wp-content\/uploads\/2021\/12\/image-11-800x450.png 800w, https:\/\/hvest.is\/wp-content\/uploads\/2021\/12\/image-11-1024x576.png 1024w, https:\/\/hvest.is\/wp-content\/uploads\/2021\/12\/image-11-1200x675.png 1200w, https:\/\/hvest.is\/wp-content\/uploads\/2021\/12\/image-11-1536x864.png 1536w, https:\/\/hvest.is\/wp-content\/uploads\/2021\/12\/image-11.png 1894w\" sizes=\"(max-width: 1894px) 100vw, 1894px\" \/><\/figure><\/div>\n\n\n\n<p>Przygotowuj\u0105c bud\u017cet na 2021 rok, od\u0142o\u017cyli\u015bmy troch\u0119 pieni\u0119dzy, aby rozpocz\u0105\u0107 pierwsze kroki w tym kierunku. <\/p>\n\n\n\n<p>Dlatego na pocz\u0105tku tego roku og\u0142osili\u015bmy, \u017ce graficy wezm\u0105 udzia\u0142 w wst\u0119pnej selekcji. Ka\u017cdy, kto poprosi\u0142, m\u00f3g\u0142 wzi\u0105\u0107 udzia\u0142, a projektant Sigur\u00f0ur Oddsson zosta\u0142 wybrany. Ma d\u0142ugie i pe\u0142ne sukces\u00f3w do\u015bwiadczenie w podobnych projektach, na przyk\u0142ad dla Islandzkiego Muzeum Narodowego <a href=\"https:\/\/www.honnunarmidstod.is\/ha-frettir\/sigurdur-oddsson-matthias-runar-sigurdsson-og-gabriel\">zdobywca nagrody za wzornictwo 2021<\/a>.<\/p>\n\n\n\n<p>Proces planowania strategicznego zosta\u0142 przeprowadzony, a jego rezultatem by\u0142a propozycja oparta na postawieniu na pierwszy plan osobistej obs\u0142ugi z naciskiem na ciep\u0142e, nowoczesne do\u015bwiadczenie. Przyst\u0119pne i optymistyczne wizualizacje s\u0105 oprawione w proste ramy<br>ale uspokajaj\u0105cy system graficzny.<\/p>\n\n\n\n<p>Istniej\u0105 dwa charakterystyczne kolory, ciemnozielony i kremowy. Ziele\u0144 jest nie tylko ciep\u0142a i ziemista, ale tak\u017ce nawi\u0105zuje do ubioru personelu sali operacyjnej. Jest jednak wystarczaj\u0105co ciemny, aby zast\u0105pi\u0107 czer\u0144 w tek\u015bcie. Naprzeciwko pojawia si\u0119 ciep\u0142y kremowy kolor, kt\u00f3ry reprezentuje ciep\u0142o i ludzk\u0105 intymno\u015b\u0107. <\/p>\n\n\n\n<div class=\"wp-block-columns is-layout-flex wp-container-core-columns-is-layout-9d6595d7 wp-block-columns-is-layout-flex\">\n<div class=\"wp-block-column has-white-background-color has-background is-layout-flow wp-block-column-is-layout-flow\">\n<figure class=\"wp-block-image size-large\"><img decoding=\"async\" width=\"1024\" height=\"330\" src=\"https:\/\/hvest.is\/wp-content\/uploads\/2021\/12\/image-12-1024x330.png\" alt=\"\" class=\"wp-image-1545\" srcset=\"https:\/\/hvest.is\/wp-content\/uploads\/2021\/12\/image-12-200x64.png 200w, https:\/\/hvest.is\/wp-content\/uploads\/2021\/12\/image-12-300x97.png 300w, https:\/\/hvest.is\/wp-content\/uploads\/2021\/12\/image-12-400x129.png 400w, https:\/\/hvest.is\/wp-content\/uploads\/2021\/12\/image-12-600x193.png 600w, https:\/\/hvest.is\/wp-content\/uploads\/2021\/12\/image-12-768x248.png 768w, https:\/\/hvest.is\/wp-content\/uploads\/2021\/12\/image-12-800x258.png 800w, https:\/\/hvest.is\/wp-content\/uploads\/2021\/12\/image-12-1024x330.png 1024w, https:\/\/hvest.is\/wp-content\/uploads\/2021\/12\/image-12.png 1036w\" sizes=\"(max-width: 1024px) 100vw, 1024px\" \/><figcaption><em>Zielony: \u017bycie, odnowa, natura, bezpiecze\u0144stwo. <em>Krem: Ciep\u0142o, ludzka intymno\u015b\u0107<\/em><\/em> <\/figcaption><\/figure>\n<\/div>\n<\/div>\n\n\n\n<p><br>Symbol przedstawia H, V, prawdopodobnie S, reprezentuj\u0105ce trosk\u0119, ludzk\u0105 obecno\u015b\u0107, wsp\u00f3lnot\u0119, spok\u00f3j i mi\u0119kko\u015b\u0107. <\/p>\n\n\n\n<p>Wyst\u0119puje w dw\u00f3ch g\u0142\u00f3wnych wersjach, zielonej na kremie i kremowej na zieleni, chocia\u017c pojawiaj\u0105 si\u0119 r\u00f3wnie\u017c inne wersje. <\/p>\n\n\n\n<p><\/p>\n\n\n\n<div class=\"wp-block-image\"><figure class=\"aligncenter size-full\"><img decoding=\"async\" width=\"512\" height=\"512\" src=\"https:\/\/hvest.is\/wp-content\/uploads\/2021\/10\/cropped-HV_Symbol_Beige_Green-1-1.png\" alt=\"\" class=\"wp-image-161\" srcset=\"https:\/\/hvest.is\/wp-content\/uploads\/2021\/10\/cropped-HV_Symbol_Beige_Green-1-1-32x32.png 32w, https:\/\/hvest.is\/wp-content\/uploads\/2021\/10\/cropped-HV_Symbol_Beige_Green-1-1-150x150.png 150w, https:\/\/hvest.is\/wp-content\/uploads\/2021\/10\/cropped-HV_Symbol_Beige_Green-1-1-180x180.png 180w, https:\/\/hvest.is\/wp-content\/uploads\/2021\/10\/cropped-HV_Symbol_Beige_Green-1-1-192x192.png 192w, https:\/\/hvest.is\/wp-content\/uploads\/2021\/10\/cropped-HV_Symbol_Beige_Green-1-1-270x270.png 270w, https:\/\/hvest.is\/wp-content\/uploads\/2021\/10\/cropped-HV_Symbol_Beige_Green-1-1-300x300.png 300w, https:\/\/hvest.is\/wp-content\/uploads\/2021\/10\/cropped-HV_Symbol_Beige_Green-1-1.png 512w\" sizes=\"(max-width: 512px) 100vw, 512px\" \/><figcaption> <br>Symbol przedstawia H, V, prawdopodobnie S, reprezentuj\u0105ce trosk\u0119, ludzk\u0105 obecno\u015b\u0107, wsp\u00f3lnot\u0119, spok\u00f3j i mi\u0119kko\u015b\u0107. <\/figcaption><\/figure><\/div>\n\n\n\n<div style=\"height:100px\" aria-hidden=\"true\" class=\"wp-block-spacer\"><\/div>\n\n\n\n<div class=\"wp-block-columns is-layout-flex wp-container-core-columns-is-layout-9d6595d7 wp-block-columns-is-layout-flex\">\n<div class=\"wp-block-column is-layout-flow wp-block-column-is-layout-flow\">\n<figure class=\"wp-block-image size-large\"><img decoding=\"async\" width=\"1024\" height=\"299\" src=\"https:\/\/hvest.is\/wp-content\/uploads\/2021\/12\/HV_Logo_Beige_Green-1024x299.png\" alt=\"\" class=\"wp-image-1546\" srcset=\"https:\/\/hvest.is\/wp-content\/uploads\/2021\/12\/HV_Logo_Beige_Green-200x58.png 200w, https:\/\/hvest.is\/wp-content\/uploads\/2021\/12\/HV_Logo_Beige_Green-300x88.png 300w, https:\/\/hvest.is\/wp-content\/uploads\/2021\/12\/HV_Logo_Beige_Green-400x117.png 400w, https:\/\/hvest.is\/wp-content\/uploads\/2021\/12\/HV_Logo_Beige_Green-600x175.png 600w, https:\/\/hvest.is\/wp-content\/uploads\/2021\/12\/HV_Logo_Beige_Green-768x224.png 768w, https:\/\/hvest.is\/wp-content\/uploads\/2021\/12\/HV_Logo_Beige_Green-800x233.png 800w, https:\/\/hvest.is\/wp-content\/uploads\/2021\/12\/HV_Logo_Beige_Green-1024x299.png 1024w, https:\/\/hvest.is\/wp-content\/uploads\/2021\/12\/HV_Logo_Beige_Green-1200x350.png 1200w, https:\/\/hvest.is\/wp-content\/uploads\/2021\/12\/HV_Logo_Beige_Green-1536x448.png 1536w\" sizes=\"(max-width: 1024px) 100vw, 1024px\" \/><\/figure>\n<\/div>\n\n\n\n<div class=\"wp-block-column is-layout-flow wp-block-column-is-layout-flow\">\n<figure class=\"wp-block-image size-large\"><img decoding=\"async\" width=\"1024\" height=\"299\" src=\"https:\/\/hvest.is\/wp-content\/uploads\/2021\/12\/HV_Logo_Green_Beige-1024x299.png\" alt=\"\" class=\"wp-image-1547\" srcset=\"https:\/\/hvest.is\/wp-content\/uploads\/2021\/12\/HV_Logo_Green_Beige-200x58.png 200w, https:\/\/hvest.is\/wp-content\/uploads\/2021\/12\/HV_Logo_Green_Beige-300x88.png 300w, https:\/\/hvest.is\/wp-content\/uploads\/2021\/12\/HV_Logo_Green_Beige-400x117.png 400w, https:\/\/hvest.is\/wp-content\/uploads\/2021\/12\/HV_Logo_Green_Beige-600x175.png 600w, https:\/\/hvest.is\/wp-content\/uploads\/2021\/12\/HV_Logo_Green_Beige-768x224.png 768w, https:\/\/hvest.is\/wp-content\/uploads\/2021\/12\/HV_Logo_Green_Beige-800x233.png 800w, https:\/\/hvest.is\/wp-content\/uploads\/2021\/12\/HV_Logo_Green_Beige-1024x299.png 1024w, https:\/\/hvest.is\/wp-content\/uploads\/2021\/12\/HV_Logo_Green_Beige-1200x350.png 1200w, https:\/\/hvest.is\/wp-content\/uploads\/2021\/12\/HV_Logo_Green_Beige-1536x448.png 1536w\" sizes=\"(max-width: 1024px) 100vw, 1024px\" \/><\/figure>\n<\/div>\n\n\n\n<div class=\"wp-block-column is-layout-flow wp-block-column-is-layout-flow\">\n<figure class=\"wp-block-image size-large\"><img decoding=\"async\" width=\"1024\" height=\"299\" src=\"https:\/\/hvest.is\/wp-content\/uploads\/2021\/12\/HV_Logo_White-Black-1024x299.png\" alt=\"\" class=\"wp-image-1548\" srcset=\"https:\/\/hvest.is\/wp-content\/uploads\/2021\/12\/HV_Logo_White-Black-200x58.png 200w, https:\/\/hvest.is\/wp-content\/uploads\/2021\/12\/HV_Logo_White-Black-300x87.png 300w, https:\/\/hvest.is\/wp-content\/uploads\/2021\/12\/HV_Logo_White-Black-400x117.png 400w, https:\/\/hvest.is\/wp-content\/uploads\/2021\/12\/HV_Logo_White-Black-600x175.png 600w, https:\/\/hvest.is\/wp-content\/uploads\/2021\/12\/HV_Logo_White-Black-768x224.png 768w, https:\/\/hvest.is\/wp-content\/uploads\/2021\/12\/HV_Logo_White-Black-800x233.png 800w, https:\/\/hvest.is\/wp-content\/uploads\/2021\/12\/HV_Logo_White-Black-1024x299.png 1024w, https:\/\/hvest.is\/wp-content\/uploads\/2021\/12\/HV_Logo_White-Black-1200x350.png 1200w, https:\/\/hvest.is\/wp-content\/uploads\/2021\/12\/HV_Logo_White-Black-1536x448.png 1536w\" sizes=\"(max-width: 1024px) 100vw, 1024px\" \/><\/figure>\n<\/div>\n\n\n\n<div class=\"wp-block-column is-layout-flow wp-block-column-is-layout-flow\">\n<figure class=\"wp-block-image size-large\"><img decoding=\"async\" width=\"1024\" height=\"258\" src=\"https:\/\/hvest.is\/wp-content\/uploads\/2021\/12\/HV_Logo_EN_Green_Beige-1024x258.png\" alt=\"\" class=\"wp-image-1550\" srcset=\"https:\/\/hvest.is\/wp-content\/uploads\/2021\/12\/HV_Logo_EN_Green_Beige-200x50.png 200w, https:\/\/hvest.is\/wp-content\/uploads\/2021\/12\/HV_Logo_EN_Green_Beige-300x76.png 300w, https:\/\/hvest.is\/wp-content\/uploads\/2021\/12\/HV_Logo_EN_Green_Beige-400x101.png 400w, https:\/\/hvest.is\/wp-content\/uploads\/2021\/12\/HV_Logo_EN_Green_Beige-600x151.png 600w, https:\/\/hvest.is\/wp-content\/uploads\/2021\/12\/HV_Logo_EN_Green_Beige-768x194.png 768w, https:\/\/hvest.is\/wp-content\/uploads\/2021\/12\/HV_Logo_EN_Green_Beige-800x202.png 800w, https:\/\/hvest.is\/wp-content\/uploads\/2021\/12\/HV_Logo_EN_Green_Beige-1024x258.png 1024w, https:\/\/hvest.is\/wp-content\/uploads\/2021\/12\/HV_Logo_EN_Green_Beige-1200x302.png 1200w, https:\/\/hvest.is\/wp-content\/uploads\/2021\/12\/HV_Logo_EN_Green_Beige-1536x387.png 1536w\" sizes=\"(max-width: 1024px) 100vw, 1024px\" \/><\/figure>\n\n\n\n<p><\/p>\n<\/div>\n<\/div>\n\n\n\n<p>Logo mo\u017ce by\u0107 zar\u00f3wno ma\u0142e, jak i du\u017ce, dzi\u0119ki czemu nadaje si\u0119 do system\u00f3w komputerowych. <\/p>\n\n\n\n<p>Zamierzamy r\u00f3wnie\u017c dostosowa\u0107 si\u0119 pod nowe s\u0142owa kluczowe: <strong>Witajcie Fiordy Zachodnie!<\/strong><\/p>\n\n\n\n<div style=\"height:100px\" aria-hidden=\"true\" class=\"wp-block-spacer\"><\/div>\n\n\n\n<figure class=\"wp-block-pullquote\"><blockquote><p style=\"font-family:simula;\">Witaj Fiordy Zachodnie<\/p><\/blockquote><\/figure>\n\n\n\n<div style=\"height:100px\" aria-hidden=\"true\" class=\"wp-block-spacer\"><\/div>\n\n\n\n<div class=\"wp-block-columns is-layout-flex wp-container-core-columns-is-layout-9d6595d7 wp-block-columns-is-layout-flex\">\n<div class=\"wp-block-column is-layout-flow wp-block-column-is-layout-flow\">\n<h2 class=\"wp-block-heading\">Oddzia\u0142 ratunkowy stanie si\u0119 oddzia\u0142em medycznym, a RTG oddzia\u0142em obrazowym<\/h2>\n<\/div>\n\n\n\n<div class=\"wp-block-column is-layout-flow wp-block-column-is-layout-flow\">\n<p>Wiele rzeczy staje si\u0119 oczywistych, gdy dokonuj\u0105 si\u0119 wiosenne porz\u0105dki. To by\u0142o myl\u0105ce, jak nazywa si\u0119 oddzia\u0142 ratunkowy w \u00cdsafj\u00f6r\u00f0ur <em>Oddzia\u0142 ratunkowy<\/em> lub <em>oddzia\u0142 szpitalny<\/em>, mi\u0119dzy innymi dlatego, \u017ce w r\u00f3\u017cnych znaczeniach te\u017c nie jest <em>nag\u0142y wypadek <\/em>ani <em>\u0142\u00f3\u017cko<\/em>dzia\u0142. Oddzia\u0142 \u015bwiadczy szeroki zakres us\u0142ug, zar\u00f3wno planowych, jak i dora\u017anych, a pobyty wielu os\u00f3b charakteryzuj\u0105 si\u0119 nie tyle le\u017ceniem w \u0142\u00f3\u017cku, co rehabilitacj\u0105 i \u0107wiczeniami. <\/p>\n\n\n\n<p>Zgodnie z tym co dzieje si\u0119 w ca\u0142ym kraju liga zostanie zmieniona na <em>Oddzia\u0142 szpitalny <\/em> a zmiana oficjalnie wchodzi w \u017cycie pod koniec roku. <\/p>\n\n\n\n<p>Wtedy b\u0119dzie imi\u0119 <em>dzia\u0142 radiologii<\/em> zmienione <em>dzia\u0142 obrazowania<\/em>. <\/p>\n<\/div>\n<\/div>\n\n\n\n<div class=\"wp-block-columns alignfull has-background is-layout-flex wp-container-core-columns-is-layout-9d6595d7 wp-block-columns-is-layout-flex\" style=\"background-color:#003b2c\">\n<div class=\"wp-block-column is-layout-flow wp-block-column-is-layout-flow\">\n<h2 class=\"has-text-color wp-block-heading\" style=\"color:#f4efe1\">Nowa strona g\u0142\u00f3wna<\/h2>\n\n\n\n<p class=\"has-text-color\" style=\"color:#f4efe1\">Wraz z nowym wygl\u0105dem uruchamiamy now\u0105 stron\u0119 internetow\u0105, kt\u00f3ra zast\u0119puje starsz\u0105, kt\u00f3ra sta\u0142a si\u0119 dzieckiem swoich czas\u00f3w. Nowy powinien dobrze dzia\u0142a\u0107 np. na telefonach kom\u00f3rkowych.<\/p>\n\n\n\n<p><\/p>\n<\/div>\n\n\n\n<div class=\"wp-block-column has-white-background-color has-background is-layout-flow wp-block-column-is-layout-flow\">\n<figure class=\"wp-block-image size-large wp-duotone-000000-ffffff-2\"><img decoding=\"async\" width=\"1062\" height=\"598\" src=\"https:\/\/hvest.is\/wp-content\/uploads\/2021\/12\/gamlaheimasidan-edited-1.png\" alt=\"\" class=\"wp-image-2007\" srcset=\"https:\/\/hvest.is\/wp-content\/uploads\/2021\/12\/gamlaheimasidan-edited-1-200x113.png 200w, https:\/\/hvest.is\/wp-content\/uploads\/2021\/12\/gamlaheimasidan-edited-1-300x169.png 300w, https:\/\/hvest.is\/wp-content\/uploads\/2021\/12\/gamlaheimasidan-edited-1-400x225.png 400w, https:\/\/hvest.is\/wp-content\/uploads\/2021\/12\/gamlaheimasidan-edited-1-600x338.png 600w, https:\/\/hvest.is\/wp-content\/uploads\/2021\/12\/gamlaheimasidan-edited-1-768x432.png 768w, https:\/\/hvest.is\/wp-content\/uploads\/2021\/12\/gamlaheimasidan-edited-1-800x450.png 800w, https:\/\/hvest.is\/wp-content\/uploads\/2021\/12\/gamlaheimasidan-edited-1-1024x577.png 1024w, https:\/\/hvest.is\/wp-content\/uploads\/2021\/12\/gamlaheimasidan-edited-1.png 1062w\" sizes=\"(max-width: 1062px) 100vw, 1062px\" \/><\/figure>\n<\/div>\n<\/div>\n\n\n\n<div style=\"height:100px\" aria-hidden=\"true\" class=\"wp-block-spacer\"><\/div>\n\n\n\n<div class=\"wp-block-columns is-layout-flex wp-container-core-columns-is-layout-9d6595d7 wp-block-columns-is-layout-flex\">\n<div class=\"wp-block-column is-layout-flow wp-block-column-is-layout-flow\">\n<figure class=\"wp-block-image size-large\"><img decoding=\"async\" width=\"2560\" height=\"1439\" src=\"https:\/\/hvest.is\/wp-content\/uploads\/2021\/12\/PXL_20211216_152506668.MP_-edited-scaled.jpg\" alt=\"\" class=\"wp-image-1976\" srcset=\"https:\/\/hvest.is\/wp-content\/uploads\/2021\/12\/PXL_20211216_152506668.MP_-edited-200x112.jpg 200w, https:\/\/hvest.is\/wp-content\/uploads\/2021\/12\/PXL_20211216_152506668.MP_-edited-300x169.jpg 300w, https:\/\/hvest.is\/wp-content\/uploads\/2021\/12\/PXL_20211216_152506668.MP_-edited-400x225.jpg 400w, https:\/\/hvest.is\/wp-content\/uploads\/2021\/12\/PXL_20211216_152506668.MP_-edited-600x337.jpg 600w, https:\/\/hvest.is\/wp-content\/uploads\/2021\/12\/PXL_20211216_152506668.MP_-edited-768x432.jpg 768w, https:\/\/hvest.is\/wp-content\/uploads\/2021\/12\/PXL_20211216_152506668.MP_-edited-800x450.jpg 800w, https:\/\/hvest.is\/wp-content\/uploads\/2021\/12\/PXL_20211216_152506668.MP_-edited-1024x575.jpg 1024w, https:\/\/hvest.is\/wp-content\/uploads\/2021\/12\/PXL_20211216_152506668.MP_-edited-1200x674.jpg 1200w, https:\/\/hvest.is\/wp-content\/uploads\/2021\/12\/PXL_20211216_152506668.MP_-edited-1536x863.jpg 1536w, https:\/\/hvest.is\/wp-content\/uploads\/2021\/12\/PXL_20211216_152506668.MP_-edited-scaled.jpg 2560w\" sizes=\"(max-width: 2560px) 100vw, 2560px\" \/><\/figure>\n<\/div>\n\n\n\n<div class=\"wp-block-column is-layout-flow wp-block-column-is-layout-flow\">\n<figure class=\"wp-block-image size-large\"><img decoding=\"async\" width=\"1328\" height=\"747\" src=\"https:\/\/hvest.is\/wp-content\/uploads\/2021\/12\/263563594_226218419631345_9020641623616553614_n-edited-1.jpg\" alt=\"\" class=\"wp-image-1977\" srcset=\"https:\/\/hvest.is\/wp-content\/uploads\/2021\/12\/263563594_226218419631345_9020641623616553614_n-edited-1-200x113.jpg 200w, https:\/\/hvest.is\/wp-content\/uploads\/2021\/12\/263563594_226218419631345_9020641623616553614_n-edited-1-300x169.jpg 300w, https:\/\/hvest.is\/wp-content\/uploads\/2021\/12\/263563594_226218419631345_9020641623616553614_n-edited-1-400x225.jpg 400w, https:\/\/hvest.is\/wp-content\/uploads\/2021\/12\/263563594_226218419631345_9020641623616553614_n-edited-1-600x338.jpg 600w, https:\/\/hvest.is\/wp-content\/uploads\/2021\/12\/263563594_226218419631345_9020641623616553614_n-edited-1-768x432.jpg 768w, https:\/\/hvest.is\/wp-content\/uploads\/2021\/12\/263563594_226218419631345_9020641623616553614_n-edited-1-800x450.jpg 800w, https:\/\/hvest.is\/wp-content\/uploads\/2021\/12\/263563594_226218419631345_9020641623616553614_n-edited-1-1024x576.jpg 1024w, https:\/\/hvest.is\/wp-content\/uploads\/2021\/12\/263563594_226218419631345_9020641623616553614_n-edited-1-1200x675.jpg 1200w, https:\/\/hvest.is\/wp-content\/uploads\/2021\/12\/263563594_226218419631345_9020641623616553614_n-edited-1.jpg 1328w\" sizes=\"(max-width: 1328px) 100vw, 1328px\" \/><\/figure>\n<\/div>\n<\/div>\n\n\n\n<div style=\"height:100px\" aria-hidden=\"true\" class=\"wp-block-spacer\"><\/div>\n\n\n\n<h2 class=\"wp-block-heading\">Jak si\u0119 nazywamy?<\/h2>\n\n\n\n<h4 class=\"wp-block-heading\">J\u0119zyki obce<\/h4>\n\n\n\n<ul class=\"wp-block-list\"><li><span style=\"font-size: revert; letter-spacing: 0px;\">J\u0119zyk angielski: <\/span><em style=\"font-size: revert; letter-spacing: 0px;\">Zak\u0142ad Opieki Zdrowotnej Fiord\u00f3w Zachodnich<\/em><span style=\"font-size: revert; letter-spacing: 0px;\"> (nie <\/span><em style=\"font-size: revert; letter-spacing: 0px;\">Fiordy Zachodnie,<\/em><span style=\"font-size: revert; letter-spacing: 0px;\"> nie <\/span><em style=\"font-size: revert; letter-spacing: 0px;\">opieka zdrowotna,<\/em><span style=\"font-size: revert; letter-spacing: 0px;\"> nie <\/span><em style=\"font-size: revert; letter-spacing: 0px;\">instytut<\/em><span style=\"font-size: revert; letter-spacing: 0px;\">) <\/span><\/li><li><span style=\"font-size: revert; letter-spacing: 0px;\">Polski: <\/span><em style=\"font-size: revert; letter-spacing: 0px;\">Instytucja zdrowia na fjordach zachodnich.<\/em><span style=\"font-size: revert; letter-spacing: 0px;\"> <\/span><\/li><li><span style=\"font-size: revert; letter-spacing: 0px;\">Szwedzki: <\/span><em style=\"font-size: revert; letter-spacing: 0px;\">V\u00e4stfjordarnas sjukv\u00e5rdsinstitut<\/em><\/li><li><span style=\"font-size: revert; letter-spacing: 0px;\">Norweski: <\/span><em style=\"font-size: revert; letter-spacing: 0px;\">Zdrowie Vestfjord<\/em><\/li><li><span style=\"font-size: revert; letter-spacing: 0px;\">Du\u0144ski: <\/span><em style=\"font-size: revert; letter-spacing: 0px;\">Vestfjordernes sundhedscenter<\/em> <\/li><\/ul>\n\n\n\n<h4 class=\"wp-block-heading\">Skr\u00f3ty<\/h4>\n\n\n\n<p>Instytut nazywa si\u0119&nbsp;<em>Instytucja zdrowia na fiordach zachodnich<\/em>. Skr\u00f3tu nale\u017cy u\u017cywa\u0107 jak najmniej, a raczej m\u00f3wi\u0107 o nim&nbsp;<em>instytucj\u0119 zdrowia<\/em>&nbsp;lub&nbsp;<em>instytucja<\/em>&nbsp;w tek\u015bcie, je\u015bli imi\u0119 i nazwisko jest zbyt d\u0142ugie lub powtarza si\u0119. Zwr\u00f3\u0107 uwag\u0119 na zasady dotycz\u0105ce wielkich i ma\u0142ych liter, tj.&nbsp;<em>Instytucja zdrowia na fiordach zachodnich<\/em>&nbsp;wielk\u0105 liter\u0105, ale&nbsp;<em>agencja zdrowia<\/em>&nbsp;lub&nbsp;<em>instytucja<\/em>&nbsp;z ma\u0142ym<\/p>\n\n\n\n<p>Przegi\u0119cie jest takie:<\/p>\n\n\n\n<ul class=\"wp-block-list\"><li>Przypadek mianownika, przypadek pasywny i przypadek pasywny: Centrum Zdrowia Vestfj\u00f6r\u00f0ur<\/li><li>Straty maj\u0105tkowe: Fundacja Zdrowia Vestfj\u00f6r\u00f0ur<\/li><\/ul>\n\n\n\n<p>Skr\u00f3t, w kt\u00f3rym nazwa nie pojawia si\u0119 inaczej, to&nbsp;<em>Czemu?<\/em>. Unika\u0107&nbsp;<em>KO\u0143<\/em>i w og\u00f3le nie u\u017cywa\u0107&nbsp;<em>H-kamizelka, Hvest<\/em>,&nbsp;<em>HSV<\/em>&nbsp;lub inne skr\u00f3ty.<\/p>\n\n\n\n<p><\/p>\n\n\n\n<h2 class=\"wp-block-heading\">Podr\u0119cznik projektowania<\/h2>\n\n\n\n<p>Nowy wygl\u0105d zawiera przewodnik po projektowaniu, kt\u00f3ry opisuje czcionki, u\u017cycie kolor\u00f3w, u\u017cycie zdj\u0119\u0107 i nie tylko. <\/p>\n\n\n\n<p><\/p>\n\n\n\n<div class=\"wp-block-columns alignwide are-vertically-aligned-center is-layout-flex wp-container-core-columns-is-layout-9d6595d7 wp-block-columns-is-layout-flex\">\n<div class=\"wp-block-column is-layout-flow wp-block-column-is-layout-flow\" style=\"flex-basis:67%\">\n<p class=\"has-text-align-center\" style=\"font-size:18px\"><a href=\"https:\/\/hvest.is\/wp-content\/uploads\/2021\/12\/Handbok-um-nytt-utlit_minni.pdf\">Kliknij tutaj, aby pobra\u0107 instrukcj\u0119<\/a><\/p>\n<\/div>\n\n\n\n<div class=\"wp-block-column is-layout-flow wp-block-column-is-layout-flow\" style=\"flex-basis:33%\">\n<figure class=\"wp-block-image\"><img decoding=\"async\" width=\"636\" height=\"357\" src=\"https:\/\/hvest.is\/wp-content\/uploads\/2021\/12\/honnunarhandb.png\" alt=\"\" class=\"wp-image-1984\" srcset=\"https:\/\/hvest.is\/wp-content\/uploads\/2021\/12\/honnunarhandb-200x112.png 200w, https:\/\/hvest.is\/wp-content\/uploads\/2021\/12\/honnunarhandb-300x168.png 300w, https:\/\/hvest.is\/wp-content\/uploads\/2021\/12\/honnunarhandb-400x225.png 400w, https:\/\/hvest.is\/wp-content\/uploads\/2021\/12\/honnunarhandb-600x337.png 600w, https:\/\/hvest.is\/wp-content\/uploads\/2021\/12\/honnunarhandb.png 636w\" sizes=\"(max-width: 636px) 100vw, 636px\" \/><\/figure>\n<\/div>\n<\/div>\n\n\n\n<div style=\"height:100px\" aria-hidden=\"true\" class=\"wp-block-spacer\"><\/div>\n\n\n\n<h2 class=\"wp-block-heading\">Zmiany zosta\u0142y og\u0142oszone 14 grudnia, ale zajm\u0105 troch\u0119 czasu<\/h2>\n\n\n\n<p>Nowy wygl\u0105d zosta\u0142 zaprezentowany personelowi 14 grudnia 2021 r. Flagi zosta\u0142y podniesione, a cyfrowe oblicze organizacji zyska\u0142o nowy wygl\u0105d. Serwis zosta\u0142 uruchomiony 16 grudnia. <\/p>\n\n\n\n<p>Jednak okazujemy dyskrecj\u0119 w dalszym korzystaniu z tego, co po\u017cyteczne, i dobrze przygotowujemy si\u0119 na wynikaj\u0105ce z tego zmiany. Oznakowanie zewn\u0119trzne musi by\u0107 zaprojektowane, oznakowanie wewn\u0119trzne musi zosta\u0107 ca\u0142kowicie sprawdzone, a wszystkie informacje na stronie internetowej s\u0105 poprawne i dobre. <\/p>\n\n\n\n<p><em>Gylfi \u00d3lafsson CEO<\/em><\/p>","protected":false},"excerpt":{"rendered":"<p>Nowe logo i wygl\u0105d organizacji zostan\u0105 oddane do u\u017cytku w po\u0142owie grudnia. Nowe kolory, ciemnozielony i kremowy, reprezentuj\u0105 ludzkie ciep\u0142o i szacunek. Symbol przedstawia H, V, prawdopodobnie S, reprezentuj\u0105ce trosk\u0119, ludzk\u0105 obecno\u015b\u0107, wsp\u00f3lnot\u0119, spok\u00f3j i mi\u0119kko\u015b\u0107. Towarzysz\u0105cy odznace jest zniszczony znak s\u0142owny, czerwony na bia\u0142ej powierzchni, kt\u00f3ry zosta\u0142 wykonany do tymczasowego u\u017cytku oko\u0142o dekady temu.   <\/p>","protected":false},"author":1,"featured_media":1952,"comment_status":"closed","ping_status":"closed","sticky":false,"template":"","format":"standard","meta":{"_lmt_disableupdate":"no","_lmt_disable":"","cybocfi_hide_featured_image":"yes","footnotes":""},"categories":[5],"tags":[],"class_list":["post-1893","post","type-post","status-publish","format-standard","has-post-thumbnail","hentry","category-efni"],"modified_by":"Ritstj.","_links":{"self":[{"href":"https:\/\/hvest.is\/pl\/wp-json\/wp\/v2\/posts\/1893","targetHints":{"allow":["GET"]}}],"collection":[{"href":"https:\/\/hvest.is\/pl\/wp-json\/wp\/v2\/posts"}],"about":[{"href":"https:\/\/hvest.is\/pl\/wp-json\/wp\/v2\/types\/post"}],"author":[{"embeddable":true,"href":"https:\/\/hvest.is\/pl\/wp-json\/wp\/v2\/users\/1"}],"replies":[{"embeddable":true,"href":"https:\/\/hvest.is\/pl\/wp-json\/wp\/v2\/comments?post=1893"}],"version-history":[{"count":0,"href":"https:\/\/hvest.is\/pl\/wp-json\/wp\/v2\/posts\/1893\/revisions"}],"wp:featuredmedia":[{"embeddable":true,"href":"https:\/\/hvest.is\/pl\/wp-json\/wp\/v2\/media\/1952"}],"wp:attachment":[{"href":"https:\/\/hvest.is\/pl\/wp-json\/wp\/v2\/media?parent=1893"}],"wp:term":[{"taxonomy":"category","embeddable":true,"href":"https:\/\/hvest.is\/pl\/wp-json\/wp\/v2\/categories?post=1893"},{"taxonomy":"post_tag","embeddable":true,"href":"https:\/\/hvest.is\/pl\/wp-json\/wp\/v2\/tags?post=1893"}],"curies":[{"name":"wp","href":"https:\/\/api.w.org\/{rel}","templated":true}]}}