{"id":1469,"date":"2021-11-15T20:01:00","date_gmt":"2021-11-15T20:01:00","guid":{"rendered":"https:\/\/nytt.hvest.is\/?p=1469"},"modified":"2025-11-10T11:30:18","modified_gmt":"2025-11-10T11:30:18","slug":"orvunarbolusetning-a-isafirdi-18-november","status":"publish","type":"post","link":"https:\/\/hvest.is\/pl\/orvunarbolusetning-a-isafirdi-18-november\/","title":{"rendered":"Szczepienie przypominaj\u0105ce na \u00cdsafj\u00f6r\u00f0ur 18 listopada"},"content":{"rendered":"<p>Czwartek, 18 listopada b\u0119dzie wielkim dniem szczepie\u0144 w Instytucie Zdrowia Vestfj\u00f6r\u00f0ur w \u00cdsafj\u00f6r\u00f0ur.<\/p>\n\n\n\n<p>Ka\u017cdej osobie w wieku 16 lat i starszej podaje si\u0119 dawk\u0119 przypominaj\u0105c\u0105.<\/p>\n\n\n\n<p>Osobom zaszczepionym, kt\u00f3re nie uko\u0144czy\u0142y 70. roku \u017cycia, podaje si\u0119 dawk\u0119 przypominaj\u0105c\u0105 po up\u0142ywie 6 miesi\u0119cy od podania drugiej dawki szczepienia podstawowego.<\/p>\n\n\n\n<p>Osoby zaszczepione w wieku 70 lat i starsze mog\u0105 otrzyma\u0107 dawk\u0119 przypominaj\u0105c\u0105 po up\u0142ywie 3 miesi\u0119cy od podania drugiej dawki szczepienia podstawowego.<\/p>\n\n\n\n<p>Szczepionka zostanie podana ze szczepionk\u0105 firmy Pfizer, niezale\u017cnie od tego, kt\u00f3ra szczepionka zosta\u0142a u\u017cyta do szczepienia podstawowego.<\/p>\n\n\n\n<p>Pomi\u0119dzy szczepieniem przeciwko grypie a szczepieniem przeciwko COVID-19 musi up\u0142yn\u0105\u0107 14 dni<\/p>\n\n\n\n<p>Osoby, kt\u00f3re otrzyma\u0142y podstawowe szczepienie i kt\u00f3re r\u00f3wnie\u017c zarazi\u0142y si\u0119 COVID, powinny poczeka\u0107 na otrzymanie dalszych instrukcji od Krajowego Lekarza S\u0105dowego.<\/p>\n\n\n\n<p>We wtorek 16 listopada zostan\u0105 rozes\u0142ane SMS-owe zaproszenia na dawki przypominaj\u0105ce. Mile widziani s\u0105 r\u00f3wnie\u017c ci, kt\u00f3rzy z jakiego\u015b powodu nie dostaj\u0105 zaproszenia.<\/p>\n\n\n\n<p>Na pierwsz\u0105 dawk\u0119 zapraszamy ka\u017cdego, kto do tej pory nie by\u0142 szczepiony.<\/p>\n\n\n\n<p>Przeciwwskazania do trzeciej dawki:<\/p>\n\n\n\n<p>Jedynymi przeciwwskazaniami s\u0105 osoby, u kt\u00f3rych wyst\u0105pi\u0142y powa\u017cne skutki uboczne po drugiej dawce oraz osoby z chorob\u0105 autoimmunologiczn\u0105, kt\u00f3ra mo\u017ce si\u0119 pogorszy\u0107 po szczepieniu. Je\u015bli ludzie cierpi\u0105 na ci\u0119\u017ck\u0105 chorob\u0119 autoimmunologiczn\u0105, powinni skonsultowa\u0107 si\u0119 z lekarzem, czy zalecane jest szczepienie dawk\u0105 przypominaj\u0105c\u0105.<\/p>\n\n\n\n<p>Wi\u0119cej informacji na stronie internetowej Dyrekcji Zdrowia: G\u0142\u00f3wny epidemiolog zaleca podanie trzeciej dawki wszystkim osobom w wieku 16 lat i starszym, gdy od pierwszego szczepienia przeciwko COVID-19 min\u0119\u0142o 6 miesi\u0119cy (landlaeknir.is)\u00a0<\/p>","protected":false},"excerpt":{"rendered":"<p>Czwartek, 18 listopada b\u0119dzie wielkim dniem szczepie\u0144 w Instytucie Zdrowia Vestfj\u00f6r\u00f0ur w \u00cdsafj\u00f6r\u00f0ur. Ka\u017cdej osobie w wieku 16 lat i starszej podaje si\u0119 dawk\u0119 przypominaj\u0105c\u0105. Osobom zaszczepionym, kt\u00f3re nie uko\u0144czy\u0142y 70. roku \u017cycia, podaje si\u0119 dawk\u0119 przypominaj\u0105c\u0105 6 <a href=\"https:\/\/hvest.is\/pl\/orvunarbolusetning-a-isafirdi-18-november\/\">Wi\u0119cej &gt;<\/a><\/p>","protected":false},"author":1,"featured_media":0,"comment_status":"closed","ping_status":"closed","sticky":false,"template":"","format":"standard","meta":{"_lmt_disableupdate":"","_lmt_disable":"","cybocfi_hide_featured_image":"","footnotes":""},"categories":[1],"tags":[],"class_list":["post-1469","post","type-post","status-publish","format-standard","hentry","category-leghalsskimun"],"modified_by":"AG","_links":{"self":[{"href":"https:\/\/hvest.is\/pl\/wp-json\/wp\/v2\/posts\/1469","targetHints":{"allow":["GET"]}}],"collection":[{"href":"https:\/\/hvest.is\/pl\/wp-json\/wp\/v2\/posts"}],"about":[{"href":"https:\/\/hvest.is\/pl\/wp-json\/wp\/v2\/types\/post"}],"author":[{"embeddable":true,"href":"https:\/\/hvest.is\/pl\/wp-json\/wp\/v2\/users\/1"}],"replies":[{"embeddable":true,"href":"https:\/\/hvest.is\/pl\/wp-json\/wp\/v2\/comments?post=1469"}],"version-history":[{"count":0,"href":"https:\/\/hvest.is\/pl\/wp-json\/wp\/v2\/posts\/1469\/revisions"}],"wp:attachment":[{"href":"https:\/\/hvest.is\/pl\/wp-json\/wp\/v2\/media?parent=1469"}],"wp:term":[{"taxonomy":"category","embeddable":true,"href":"https:\/\/hvest.is\/pl\/wp-json\/wp\/v2\/categories?post=1469"},{"taxonomy":"post_tag","embeddable":true,"href":"https:\/\/hvest.is\/pl\/wp-json\/wp\/v2\/tags?post=1469"}],"curies":[{"name":"wp","href":"https:\/\/api.w.org\/{rel}","templated":true}]}}