{"id":1459,"date":"2021-11-30T19:40:00","date_gmt":"2021-11-30T19:40:00","guid":{"rendered":"https:\/\/nytt.hvest.is\/?p=1459"},"modified":"2021-12-13T09:26:33","modified_gmt":"2021-12-13T09:26:33","slug":"hopsmitid-afstadid-ad-mestu","status":"publish","type":"post","link":"https:\/\/hvest.is\/pl\/hopsmitid-afstadid-ad-mestu\/","title":{"rendered":"Infekcja grupowa jest w wi\u0119kszo\u015bci nieobecna"},"content":{"rendered":"<p>\u017bycie wraca do normy w Patreksfj\u00f6r\u00f0ur i s\u0105siednich obszarach po grupowej infekcji, kt\u00f3ra mia\u0142a miejsce w zesz\u0142ym tygodniu. W ostatnich dniach pobieranie pr\u00f3bek pod koniec kwarantanny wykaza\u0142o kilka nowych infekcji, co pokazuje, \u017ce kwarantanna by\u0142a konieczna, aby zapobiec dalszemu rozprzestrzenianiu si\u0119.&nbsp;<\/p>\n\n\n\n<p>Spo\u0142eczno\u015b\u0107 zareagowa\u0142a wyj\u0105tkowo dobrze. Chcieliby\u015bmy zacz\u0105\u0107 od pochwalenia naszych pracownik\u00f3w, kt\u00f3rzy bezinteresownie realizowali projekty, kt\u00f3re si\u0119 pojawia\u0142y. Centrum kultury zosta\u0142o dla nas otwarte w mgnieniu oka. Dyrektorzy szk\u00f3\u0142, pracownicy samorz\u0105d\u00f3w lokalnych, kierownictwo terenowe, Czerwony Krzy\u017c i wielu innych szybko podejmowa\u0142o m\u0105dre decyzje. Mieszka\u0144cy dobrze wypadli przy pobieraniu pr\u00f3bek. Specjalne podzi\u0119kowania nale\u017c\u0105 si\u0119 r\u00f3wnie\u017c firmom z okolicy, w tym Fj\u00f6lval, Oddi i Arnarlax, kt\u00f3re mia\u0142y trudno\u015bci z uratowaniem kosztowno\u015bci, ale nie naruszy\u0142y wymog\u00f3w kwarantanny. Nic z tego nie by\u0142o brane za pewnik.&nbsp;<\/p>\n\n\n\n<figure class=\"wp-block-image size-full\"><img decoding=\"async\" width=\"960\" height=\"432\" src=\"https:\/\/hvest.is\/wp-content\/uploads\/2021\/12\/received_607259320475521.jpg\" alt=\"\" class=\"wp-image-1460\" srcset=\"https:\/\/hvest.is\/wp-content\/uploads\/2021\/12\/received_607259320475521-200x90.jpg 200w, https:\/\/hvest.is\/wp-content\/uploads\/2021\/12\/received_607259320475521-300x135.jpg 300w, https:\/\/hvest.is\/wp-content\/uploads\/2021\/12\/received_607259320475521-400x180.jpg 400w, https:\/\/hvest.is\/wp-content\/uploads\/2021\/12\/received_607259320475521-600x270.jpg 600w, https:\/\/hvest.is\/wp-content\/uploads\/2021\/12\/received_607259320475521-768x346.jpg 768w, https:\/\/hvest.is\/wp-content\/uploads\/2021\/12\/received_607259320475521-800x360.jpg 800w, https:\/\/hvest.is\/wp-content\/uploads\/2021\/12\/received_607259320475521.jpg 960w\" sizes=\"(max-width: 960px) 100vw, 960px\" \/><figcaption><em>Z pobierania pr\u00f3bek w domu kultury. Zdj\u0119cie: GB<\/em><\/figcaption><\/figure>\n\n\n\n<p>Nie zapominajcie r\u00f3wnie\u017c, \u017ce Westfjords sumiennie podchodzili do szczepie\u0144, a teraz, gdy szczepienie przypominaj\u0105ce jest w toku, infekcja grupowa jest przypomnieniem, aby pojawi\u0107 si\u0119, gdy nadejdzie zaproszenie. Pr\u00f3bki nie znajduj\u0105 si\u0119 ju\u017c w domu kultury i wr\u00f3ci\u0142y do szpitala. Wizyty s\u0105 ponownie dozwolone na oddziale szpitalnym w Patreksfj\u00f6r\u00f0ur. Maski s\u0105 nadal obowi\u0105zkowe, a odwiedzaj\u0105cy proszeni s\u0105 o nieprzychodzenie, je\u015bli maj\u0105 najmniejsze objawy, kt\u00f3re mog\u0105 by\u0107 spowodowane infekcj\u0105 Covid-19.&nbsp;<\/p>\n\n\n\n<p><em>Covidowe kierownictwo Instytutu Zdrowia Vestfj\u00f6r\u00f0ur<\/em><\/p>","protected":false},"excerpt":{"rendered":"<p>\u017bycie wraca do normy w Patreksfj\u00f6r\u00f0ur i s\u0105siednich obszarach po grupowej infekcji, kt\u00f3ra mia\u0142a miejsce w zesz\u0142ym tygodniu. W ostatnich dniach pobieranie pr\u00f3bek pod koniec kwarantanny wykaza\u0142o kilka nowych <a href=\"https:\/\/hvest.is\/pl\/hopsmitid-afstadid-ad-mestu\/\">Wi\u0119cej &gt;<\/a><\/p>","protected":false},"author":1,"featured_media":0,"comment_status":"closed","ping_status":"closed","sticky":false,"template":"","format":"standard","meta":{"_lmt_disableupdate":"no","_lmt_disable":"","cybocfi_hide_featured_image":"","footnotes":""},"categories":[15],"tags":[],"class_list":["post-1459","post","type-post","status-publish","format-standard","hentry","category-covid"],"modified_by":"Ritstj.","_links":{"self":[{"href":"https:\/\/hvest.is\/pl\/wp-json\/wp\/v2\/posts\/1459","targetHints":{"allow":["GET"]}}],"collection":[{"href":"https:\/\/hvest.is\/pl\/wp-json\/wp\/v2\/posts"}],"about":[{"href":"https:\/\/hvest.is\/pl\/wp-json\/wp\/v2\/types\/post"}],"author":[{"embeddable":true,"href":"https:\/\/hvest.is\/pl\/wp-json\/wp\/v2\/users\/1"}],"replies":[{"embeddable":true,"href":"https:\/\/hvest.is\/pl\/wp-json\/wp\/v2\/comments?post=1459"}],"version-history":[{"count":0,"href":"https:\/\/hvest.is\/pl\/wp-json\/wp\/v2\/posts\/1459\/revisions"}],"wp:attachment":[{"href":"https:\/\/hvest.is\/pl\/wp-json\/wp\/v2\/media?parent=1459"}],"wp:term":[{"taxonomy":"category","embeddable":true,"href":"https:\/\/hvest.is\/pl\/wp-json\/wp\/v2\/categories?post=1459"},{"taxonomy":"post_tag","embeddable":true,"href":"https:\/\/hvest.is\/pl\/wp-json\/wp\/v2\/tags?post=1459"}],"curies":[{"name":"wp","href":"https:\/\/api.w.org\/{rel}","templated":true}]}}