{"id":4248,"date":"2026-02-05T11:06:59","date_gmt":"2026-02-05T11:06:59","guid":{"rendered":"https:\/\/hvest.is\/?p=4248"},"modified":"2026-02-05T11:07:02","modified_gmt":"2026-02-05T11:07:02","slug":"fyrsta-barn-arsins-2026-tolfraedi-faedingardeildar-2025","status":"publish","type":"post","link":"https:\/\/hvest.is\/en\/fyrsta-barn-arsins-2026-tolfraedi-faedingardeildar-2025\/","title":{"rendered":"First baby of the year 2026 \u2013 Maternity ward statistics 2025"},"content":{"rendered":"<p>The first baby of 2026 at the Westfjords Health Institute is a girl who was born on January 19. The parents are Tanja Bj\u00f6rk \u00d3marsd\u00f3ttir and Jakob Fannar Magn\u00fasson, who live in \u00cdsafj\u00f6r\u00f0ur and are in good health with mother and child. This is of course published with their permission, and we sincerely wish them congratulations on the baby.<\/p>\n\n\n\n<p>We are very proud of our maternity ward and all the good work that goes on there. So it&#039;s nice to share news about its work.<\/p>\n\n\n\n<p>At the beginning of the year, Hvest midwives published various figures for the year 2025. During the year, 31 children were born at Hvest, 14 girls and 17 boys, and the birth rate increased by 91% from the previous year.<\/p>\n\n\n\n<p>In 2025, there were three full-time midwives working at the institution and 1 midwife in a replacement position, this arrangement will remain unchanged in 2026. Attached is an overview of births in 2025 on this beautiful embroidery that the maternity ward has hanging in the ward. Be sure to follow their work on social media under Hvestlj\u00f3sur.<\/p>\n\n\n\n<figure class=\"wp-block-image size-large\"><img decoding=\"async\" width=\"768\" height=\"1024\" src=\"https:\/\/hvest.is\/wp-content\/uploads\/2026\/02\/fyrstabarnarsinns-768x1024.jpg\" alt=\"\" class=\"wp-image-4249\" srcset=\"https:\/\/hvest.is\/wp-content\/uploads\/2026\/02\/fyrstabarnarsinns-9x12.jpg 9w, https:\/\/hvest.is\/wp-content\/uploads\/2026\/02\/fyrstabarnarsinns-200x267.jpg 200w, https:\/\/hvest.is\/wp-content\/uploads\/2026\/02\/fyrstabarnarsinns-225x300.jpg 225w, https:\/\/hvest.is\/wp-content\/uploads\/2026\/02\/fyrstabarnarsinns-400x533.jpg 400w, https:\/\/hvest.is\/wp-content\/uploads\/2026\/02\/fyrstabarnarsinns-600x800.jpg 600w, https:\/\/hvest.is\/wp-content\/uploads\/2026\/02\/fyrstabarnarsinns-768x1024.jpg 768w, https:\/\/hvest.is\/wp-content\/uploads\/2026\/02\/fyrstabarnarsinns-800x1067.jpg 800w, https:\/\/hvest.is\/wp-content\/uploads\/2026\/02\/fyrstabarnarsinns-1152x1536.jpg 1152w, https:\/\/hvest.is\/wp-content\/uploads\/2026\/02\/fyrstabarnarsinns-1200x1600.jpg 1200w, https:\/\/hvest.is\/wp-content\/uploads\/2026\/02\/fyrstabarnarsinns-1536x2048.jpg 1536w, https:\/\/hvest.is\/wp-content\/uploads\/2026\/02\/fyrstabarnarsinns-scaled.jpg 1920w\" sizes=\"(max-width: 768px) 100vw, 768px\" \/><\/figure>\n\n\n\n<figure class=\"wp-block-image size-large\"><img decoding=\"async\" width=\"1024\" height=\"623\" src=\"https:\/\/hvest.is\/wp-content\/uploads\/2026\/02\/Image-1-1024x623.jpg\" alt=\"\" class=\"wp-image-4250\" srcset=\"https:\/\/hvest.is\/wp-content\/uploads\/2026\/02\/Image-1-18x12.jpg 18w, https:\/\/hvest.is\/wp-content\/uploads\/2026\/02\/Image-1-200x122.jpg 200w, https:\/\/hvest.is\/wp-content\/uploads\/2026\/02\/Image-1-300x182.jpg 300w, https:\/\/hvest.is\/wp-content\/uploads\/2026\/02\/Image-1-400x243.jpg 400w, https:\/\/hvest.is\/wp-content\/uploads\/2026\/02\/Image-1-600x365.jpg 600w, https:\/\/hvest.is\/wp-content\/uploads\/2026\/02\/Image-1-768x467.jpg 768w, https:\/\/hvest.is\/wp-content\/uploads\/2026\/02\/Image-1-800x487.jpg 800w, https:\/\/hvest.is\/wp-content\/uploads\/2026\/02\/Image-1-1024x623.jpg 1024w, https:\/\/hvest.is\/wp-content\/uploads\/2026\/02\/Image-1-1200x730.jpg 1200w, https:\/\/hvest.is\/wp-content\/uploads\/2026\/02\/Image-1-1536x934.jpg 1536w\" sizes=\"(max-width: 1024px) 100vw, 1024px\" \/><\/figure>","protected":false},"excerpt":{"rendered":"<p>The first baby of 2026 at the Westfjords Health Institute is a girl who was born on January 19. The parents are Tanja Bj\u00f6rk \u00d3marsd\u00f3ttir and Jakob Fannar Magn\u00fasson, who live in \u00cdsafj\u00f6r\u00f0ur and greet each other. <a href=\"https:\/\/hvest.is\/en\/fyrsta-barn-arsins-2026-tolfraedi-faedingardeildar-2025\/\">More \u203a<\/a><\/p>","protected":false},"author":16,"featured_media":0,"comment_status":"closed","ping_status":"closed","sticky":false,"template":"","format":"standard","meta":{"_lmt_disableupdate":"","_lmt_disable":"","cybocfi_hide_featured_image":"","footnotes":""},"categories":[5],"tags":[],"class_list":["post-4248","post","type-post","status-publish","format-standard","hentry","category-efni"],"modified_by":"AG","_links":{"self":[{"href":"https:\/\/hvest.is\/en\/wp-json\/wp\/v2\/posts\/4248","targetHints":{"allow":["GET"]}}],"collection":[{"href":"https:\/\/hvest.is\/en\/wp-json\/wp\/v2\/posts"}],"about":[{"href":"https:\/\/hvest.is\/en\/wp-json\/wp\/v2\/types\/post"}],"author":[{"embeddable":true,"href":"https:\/\/hvest.is\/en\/wp-json\/wp\/v2\/users\/16"}],"replies":[{"embeddable":true,"href":"https:\/\/hvest.is\/en\/wp-json\/wp\/v2\/comments?post=4248"}],"version-history":[{"count":0,"href":"https:\/\/hvest.is\/en\/wp-json\/wp\/v2\/posts\/4248\/revisions"}],"wp:attachment":[{"href":"https:\/\/hvest.is\/en\/wp-json\/wp\/v2\/media?parent=4248"}],"wp:term":[{"taxonomy":"category","embeddable":true,"href":"https:\/\/hvest.is\/en\/wp-json\/wp\/v2\/categories?post=4248"},{"taxonomy":"post_tag","embeddable":true,"href":"https:\/\/hvest.is\/en\/wp-json\/wp\/v2\/tags?post=4248"}],"curies":[{"name":"wp","href":"https:\/\/api.w.org\/{rel}","templated":true}]}}